{"id":133355,"date":"2021-11-18T17:25:45","date_gmt":"2021-11-18T22:25:45","guid":{"rendered":"https:\/\/linitiative.ca\/International\/decorations-une-burkinabe-et-un-britannique-honores-en-grande-bretagne\/"},"modified":"2021-11-18T17:25:45","modified_gmt":"2021-11-18T22:25:45","slug":"decorations-une-burkinabe-et-un-britannique-honores-en-grande-bretagne","status":"publish","type":"post","link":"https:\/\/linitiative.ca\/International\/decorations-une-burkinabe-et-un-britannique-honores-en-grande-bretagne\/","title":{"rendered":"D\u00e9corations : Une Burkinab\u00e8 et un Britannique honor\u00e9s en Grande-Bretagne"},"content":{"rendered":"<div>\n<p><strong>Ancien consul honoraire du Burkina en Grande-Bretagne, Colin Seeling et Awa Sar\u00e9 Sawadogo, une Burkinab\u00e8 r\u00e9sidant \u00e0 Londres ont \u00e9t\u00e9 \u00e9lev\u00e9s au rang de chevalier de l\u2019Ordre de l\u2019Etalon.<\/strong><\/p>\n<p>Le Burkina Faso a d\u00e9cid\u00e9 d\u2019\u00e9lever au rang de chevalier, deux acteurs majeurs de la cause de notre pays en Grande-Bretagne. Ainsi, le Pr\u00e9sident du Faso, Son Excellence Roch Marc Christian Kabor\u00e9, a d\u00e9cid\u00e9 de distinguer Colin Seeling, ancien consul honoraire du Burkina en Grande- Bretagne et Mme Awa Sar\u00e9 Sawadogo, une compatriote r\u00e9sidant \u00e0 Londres. Au terme du mandat, long de 13 ans, Colin a \u00e9t\u00e9 admis \u00e0 faire valoir ses droits \u00e0 la retraite. Ainsi, depuis 2019, il n\u2019officie plus en qualit\u00e9 de consul au profit du Burkina Faso.<\/p>\n<p>D\u00e8s son d\u00e9part \u00e0 la retraite, l\u2019Etat burkinab\u00e8 l\u2019a \u00e9lev\u00e9 au rang de chevalier de l\u2019Ordre de l\u2019Etalon mais la c\u00e9r\u00e9monie de remise de la m\u00e9daille ne pouvait \u00eatre organis\u00e9e \u00e0 cause de la COVID 19 et surtout de ses restrictions. Dans la m\u00eame d\u00e9cision, les autorit\u00e9s ont reconnu le m\u00e9rite de Mme Awa Sar\u00e9 n\u00e9e Sawadogo qui re\u00e7oit la m\u00e9daille de chevalier de l\u2019Ordre national de l\u2019Etalon. Le desserrement des mesures anti-COVID actuelles a donc favoris\u00e9 la tenue de ladite c\u00e9r\u00e9monie. Et \u00e0 Londres, les compatriotes regroup\u00e9s autour de l\u2019association Burkina UK n\u2019ont pas boud\u00e9 le plaisir des retrouvailles.<\/p>\n<p>En effet, depuis 2019, les regroupements \u00e9taient peu possibles. Mieux, de l\u2019avis du pr\u00e9sident de l\u2019Association Burkina UK, Ali Barro, le motif de la c\u00e9r\u00e9monie est mobilisateur. \u00ab Deux m\u00e9dailles pour nous, on peut dire que notre Etat ne nous a pas oubli\u00e9s . Et avoir cette certitude quand on est dehors, on ne peut qu\u2019\u00eatre heureux \u00bb, a expliqu\u00e9 le pr\u00e9sident. L\u2019ambassadrice, Jacqueline Marie Zaba Niki\u00e9ma, a tenu \u00e0 relever le m\u00e9rite des r\u00e9cipiendaires du jour.<\/p>\n<p>Au sujet de Colin, le d\u00e9sormais ex-consul du Burkina en Angleterre, elle dira : \u00ab il a pris \u00e0 bras-le- corps les probl\u00e8mes des Burkinab\u00e8 d\u2019ici. Et les t\u00e9moignages qui remontent jusqu\u2019au sommet de l\u2019Etat \u00e0 son sujet sont unanimes qu\u2019il a \u00e9t\u00e9 l\u2019homme de la situation. Le Burkina Faso b\u00e9n\u00e9ficie d\u2019engagement de nombreux amis dans les services consulaires \u00e0 travers le monde entier. Parmi ces hommes engag\u00e9s, il y en a dont les \u0153uvres m\u00e9ritent un arr\u00eat particulier. Monsieur Seeling Colin en fait partie. Tous sont unanimes \u00e0 reconnaitre<\/p>\n<figure id=\"attachment_42304\" aria-describedby=\"caption-attachment-42304\" style=\"width: 300px\" class=\"wp-caption alignleft\"><img decoding=\"async\" loading=\"lazy\" class=\"size-medium wp-image-42304\" src=\"https:\/\/linitiative.ca\/International\/wp-content\/uploads\/sites\/23\/2021\/11\/nion2-300x191-1.gif\" alt=\"\" width=\"300\" height=\"191\" srcset=\"https:\/\/linitiative.ca\/International\/wp-content\/uploads\/sites\/23\/2021\/11\/nion2-300x191-1.gif 300w, https:\/\/www.sidwaya.info\/wp-content\/uploads\/2021\/11\/nion2-768x488.gif 768w, https:\/\/www.sidwaya.info\/wp-content\/uploads\/2021\/11\/nion2-150x95.gif 150w, https:\/\/www.sidwaya.info\/wp-content\/uploads\/2021\/11\/nion2-696x442.gif 696w, https:\/\/www.sidwaya.info\/wp-content\/uploads\/2021\/11\/nion2-661x420.gif 661w\" sizes=\"auto, (max-width: 300px) 100vw, 300px\"><figcaption id=\"caption-attachment-42304\" class=\"wp-caption-text\">Elle a servi son pays avec abn\u00e9gation. Elle r\u00e9colte ainsi<br \/>les lauriers.<\/figcaption><\/figure>\n<p>qu\u2019il fait montre de disponibilit\u00e9 mais surtout qu\u2019il avait le secret de trouver des solutions, dans un court d\u00e9lai aux pr\u00e9occupations qui lui \u00e9taient soumises \u00bb, a expliqu\u00e9 l\u2019ambassadeur. Selon le chef de la diplomatie burkinab\u00e8 de Londres, le deuxi\u00e8me r\u00e9cipiendaire n\u2019est pas non plus moins m\u00e9ritant.<\/p>\n<p>La diplomate de pr\u00e9ciser : \u00ab elle incarne \u00e0 elle seule, le service social tant ses \u0153uvres humanitaires sont multiples. Celle que la communaut\u00e9 a surnomm\u00e9 affectueusement Maman Sar\u00e9 n\u2019h\u00e9site pas \u00e0 ouvrir sa maison pour accueillir et s\u00e9curiser ses compatriotes quand ils foulent nouvellement le sol britannique. Dans le monde associatif, son dynamisme est notable. A preuve, elle a \u00e9t\u00e9 un des leaders de l\u2019op\u00e9ration de collecte de fonds pour secourir les Burkinab\u00e8 victimes des inondations de 2009 \u00bb.<\/p>\n<p>Les r\u00e9cipiendaires n\u2019ont pas cach\u00e9 leur joie. M Colin a tenu \u00e0 noter qu\u2019il a servi le Burkina avec beaucoup d\u2019engagement et de z\u00e8le et ne le regrette pas. \u00ab Je suis fier d\u2019avoir servi et je reste reconnaissant aux autorit\u00e9s du pays pour la distinction \u00bb, a-t-il soulign\u00e9. Quant \u00e0 Mme Sar\u00e9, elle affirme recevoir sa m\u00e9daille comme une invite \u00e0 davantage d\u2019engagement pour la cause de son pays.<\/p>\n<p style=\"text-align: right\"><strong>J\u00e9r\u00e9mie NION <\/strong><\/p>\n<p style=\"text-align: right\">Attach\u00e9 de presse \u00e0 l\u2019Ambassade du Burkina \u00e0 Bruxelles<\/p>\n<p>L\u2019article <a rel=\"nofollow\" href=\"https:\/\/www.sidwaya.info\/blog\/2021\/11\/18\/decorations-une-burkinabe-et-un-britannique-honores-en-grande-bretagne\/\">D\u00e9corations : Une Burkinab\u00e8 et un Britannique honor\u00e9s en Grande-Bretagne<\/a> est apparu en premier sur <a rel=\"nofollow\" href=\"https:\/\/www.sidwaya.info\/\">Quotidien Sidwaya<\/a>.<\/p>\n<\/div>\n<p>Auteur: JK. Sidwaya<br \/>\n<a href=\"https:\/\/www.sidwaya.info\/blog\/2021\/11\/18\/decorations-une-burkinabe-et-un-britannique-honores-en-grande-bretagne\/\">Cliquez ici pour lire l&rsquo;article depuis sa source.<\/a><\/p>\n","protected":false},"excerpt":{"rendered":"<p>Ancien consul honoraire du Burkina en Grande-Bretagne, Colin Seeling et Awa Sar\u00e9 Sawadogo, une Burkinab\u00e8 r\u00e9sidant \u00e0 Londres ont \u00e9t\u00e9 \u00e9lev\u00e9s au rang de chevalier de l\u2019Ordre de l\u2019Etalon. Le Burkina Faso a d\u00e9cid\u00e9 d\u2019\u00e9lever au rang de chevalier, deux acteurs majeurs de la cause de notre pays en Grande-Bretagne. Ainsi, le Pr\u00e9sident du Faso, [&hellip;]<\/p>\n","protected":false},"author":1816,"featured_media":0,"comment_status":"closed","ping_status":"closed","sticky":false,"template":"","format":"standard","meta":{"fifu_image_url":"https:\/\/www.sidwaya.info\/wp-content\/uploads\/2021\/11\/nion2-300x191.gif","fifu_image_alt":"D\u00e9corations : Une Burkinab\u00e8 et un Britannique honor\u00e9s en Grande-Bretagne","footnotes":""},"categories":[73,81],"tags":[],"class_list":["post-133355","post","type-post","status-publish","format-standard","hentry","category-actualite","category-burkina-faso"],"_links":{"self":[{"href":"https:\/\/linitiative.ca\/International\/wp-json\/wp\/v2\/posts\/133355","targetHints":{"allow":["GET"]}}],"collection":[{"href":"https:\/\/linitiative.ca\/International\/wp-json\/wp\/v2\/posts"}],"about":[{"href":"https:\/\/linitiative.ca\/International\/wp-json\/wp\/v2\/types\/post"}],"author":[{"embeddable":true,"href":"https:\/\/linitiative.ca\/International\/wp-json\/wp\/v2\/users\/1816"}],"replies":[{"embeddable":true,"href":"https:\/\/linitiative.ca\/International\/wp-json\/wp\/v2\/comments?post=133355"}],"version-history":[{"count":0,"href":"https:\/\/linitiative.ca\/International\/wp-json\/wp\/v2\/posts\/133355\/revisions"}],"wp:attachment":[{"href":"https:\/\/linitiative.ca\/International\/wp-json\/wp\/v2\/media?parent=133355"}],"wp:term":[{"taxonomy":"category","embeddable":true,"href":"https:\/\/linitiative.ca\/International\/wp-json\/wp\/v2\/categories?post=133355"},{"taxonomy":"post_tag","embeddable":true,"href":"https:\/\/linitiative.ca\/International\/wp-json\/wp\/v2\/tags?post=133355"}],"curies":[{"name":"wp","href":"https:\/\/api.w.org\/{rel}","templated":true}]}}