{"id":133366,"date":"2021-11-18T12:35:54","date_gmt":"2021-11-18T17:35:54","guid":{"rendered":"https:\/\/linitiative.ca\/International\/gestion-des-conflits-le-cameroun-veut-accroitre-limplication-des-femmes\/"},"modified":"2021-11-18T12:35:54","modified_gmt":"2021-11-18T17:35:54","slug":"gestion-des-conflits-le-cameroun-veut-accroitre-limplication-des-femmes","status":"publish","type":"post","link":"https:\/\/linitiative.ca\/International\/gestion-des-conflits-le-cameroun-veut-accroitre-limplication-des-femmes\/","title":{"rendered":"Gestion des conflits : le Cameroun veut accroitre l\u2019implication des femmes"},"content":{"rendered":"<div>\n<p><img loading=\"lazy\" decoding=\"async\" width=\"1080\" height=\"634\" src=\"https:\/\/linitiative.ca\/International\/wp-content\/uploads\/sites\/23\/2021\/11\/IMG-20211117-WA0033-e1637256863951.jpg\" class=\"attachment-post-thumbnail size-post-thumbnail wp-post-image\" alt=\"\" srcset=\"https:\/\/linitiative.ca\/International\/wp-content\/uploads\/sites\/23\/2021\/11\/IMG-20211117-WA0033-e1637256863951.jpg 1080w, https:\/\/www.journalducameroun.com\/wp-content\/uploads\/2021\/11\/IMG-20211117-WA0033-e1637256863951-300x176.jpg 300w, https:\/\/www.journalducameroun.com\/wp-content\/uploads\/2021\/11\/IMG-20211117-WA0033-e1637256863951-768x451.jpg 768w, https:\/\/www.journalducameroun.com\/wp-content\/uploads\/2021\/11\/IMG-20211117-WA0033-e1637256863951-1024x601.jpg 1024w, https:\/\/www.journalducameroun.com\/wp-content\/uploads\/2021\/11\/IMG-20211117-WA0033-e1637256863951-750x440.jpg 750w, https:\/\/www.journalducameroun.com\/wp-content\/uploads\/2021\/11\/IMG-20211117-WA0033-e1637256863951-600x352.jpg 600w\" sizes=\"auto, (max-width: 1080px) 100vw, 1080px\"><\/p>\n<p style=\"text-align: justify;\"><strong>Le minist\u00e8re de la Promotion de la femme et la famille (Minproff) a pris une part active du 17 au 18 novembre 2021 \u00e0 Yaound\u00e9, \u00e0 un atelier visant \u00e0 davantage inclure les femmes dans la pr\u00e9vention et le r\u00e8glement des conflits.<\/strong><\/p>\n<p style=\"text-align: justify;\">\n<p style=\"text-align: justify;\">\n<p style=\"text-align: justify;\">\n<p style=\"text-align: justify;\">\n<p style=\"text-align: justify;\">Suivant la r\u00e9solution 1325 du Conseil des Nations unies adapt\u00e9e le 31 octobre 2000, les femmes doivent \u00eatre associ\u00e9es \u00e0 la pr\u00e9vention et le r\u00e8glement des conflits, \u00eatre \u00a0prot\u00e9g\u00e9es avant et pendant ces crises. En 2016, le Cameroun a valid\u00e9 cette r\u00e9solution en adoptant un plan d\u2019action national de premi\u00e8re g\u00e9n\u00e9ration de mise en \u0153uvre de la r\u00e9solution 1325.<\/p>\n<p style=\"text-align: justify;\">Afin d\u2019am\u00e9liorer le document d\u2019\u00e9valuation \u00a0du 1<sup>er<\/sup> plan d\u2019action, les autorit\u00e9s ont entrepris d\u2019\u00e9laborer un \u00a0plan d\u2019action de 2<sup>e<\/sup> g\u00e9n\u00e9ration de mise en \u0153uvre de la r\u00e9solution 1325. En appui \u00e0 cette initiative du Minproff, le Centre des nations unies pour le Droit de l\u2019Homme et la d\u00e9mocratie en Afrique centrale (CNUDHD-AC) a organis\u00e9 du 17 au 18 novembre 2021 \u00e0 Yaound\u00e9 un atelier de soutien \u00e0 la finalisation du plan d\u2019action de deuxi\u00e8me g\u00e9n\u00e9ration de mise en \u0153uvre de la r\u00e9solution 1325.<\/p>\n<p style=\"text-align: justify;\">Les objectifs \u00e9taient entre autres de mutualiser les strat\u00e9gies en vue de l\u2019enrichissement du plan d\u2019action de deuxi\u00e8me g\u00e9n\u00e9ration, promouvoir son appropriation par le gouvernement, les partenaires et les \u00a0communaut\u00e9s, comme un outil de responsabilisation, de plaidoyer \u00a0et de n\u00e9gociation.<\/p>\n<p style=\"text-align: justify;\">\u00c0 cet atelier anim\u00e9 par le CNUDHD-AC et ONUFEMMES, y ont pris part des responsables du Minproff, du minist\u00e8re de la D\u00e9fense, du minist\u00e8re des Affaires sociales, de la Justice, des Relations ext\u00e9rieures, de la Commission nationale des droits de l\u2019Homme du Cameroun, du Comit\u00e9 national de d\u00e9sarmement \u00a0d\u00e9mobilisation et r\u00e9int\u00e9gration, la Commission pour la promotion du bilinguisme et du multiculturalisme et des organisations de la soci\u00e9t\u00e9 civile.<\/p>\n<p style=\"text-align: justify;\">\n<p>Cet article <a rel=\"nofollow\" href=\"https:\/\/www.journalducameroun.com\/gestion-des-conflits-le-cameroun-veut-accroitre-limplication-des-femmes-cameroun\/\">Gestion des conflits : le Cameroun veut accroitre l\u2019implication des femmes<\/a> est apparu en premier sur <a rel=\"nofollow\" href=\"https:\/\/www.journalducameroun.com\/\">Journal du Cameroun<\/a>.<\/p>\n<\/div>\n<p>Auteur: Christian DJIMADEU<br \/>\n<a href=\"https:\/\/www.journalducameroun.com\/gestion-des-conflits-le-cameroun-veut-accroitre-limplication-des-femmes-cameroun\/\">Cliquez ici pour lire l&rsquo;article depuis sa source.<\/a><\/p>\n","protected":false},"excerpt":{"rendered":"<p>Le minist\u00e8re de la Promotion de la femme et la famille (Minproff) a pris une part active du 17 au 18 novembre 2021 \u00e0 Yaound\u00e9, \u00e0 un atelier visant \u00e0 davantage inclure les femmes dans la pr\u00e9vention et le r\u00e8glement des conflits. Suivant la r\u00e9solution 1325 du Conseil des Nations unies adapt\u00e9e le 31 octobre [&hellip;]<\/p>\n","protected":false},"author":1965,"featured_media":0,"comment_status":"closed","ping_status":"closed","sticky":false,"template":"","format":"standard","meta":{"fifu_image_url":"https:\/\/www.journalducameroun.com\/wp-content\/uploads\/2021\/11\/IMG-20211117-WA0033-e1637256863951.jpg","fifu_image_alt":"Gestion des conflits : le Cameroun veut accroitre l\u2019implication des femmes","footnotes":""},"categories":[73,82],"tags":[],"class_list":["post-133366","post","type-post","status-publish","format-standard","hentry","category-actualite","category-cameroun"],"_links":{"self":[{"href":"https:\/\/linitiative.ca\/International\/wp-json\/wp\/v2\/posts\/133366","targetHints":{"allow":["GET"]}}],"collection":[{"href":"https:\/\/linitiative.ca\/International\/wp-json\/wp\/v2\/posts"}],"about":[{"href":"https:\/\/linitiative.ca\/International\/wp-json\/wp\/v2\/types\/post"}],"author":[{"embeddable":true,"href":"https:\/\/linitiative.ca\/International\/wp-json\/wp\/v2\/users\/1965"}],"replies":[{"embeddable":true,"href":"https:\/\/linitiative.ca\/International\/wp-json\/wp\/v2\/comments?post=133366"}],"version-history":[{"count":0,"href":"https:\/\/linitiative.ca\/International\/wp-json\/wp\/v2\/posts\/133366\/revisions"}],"wp:attachment":[{"href":"https:\/\/linitiative.ca\/International\/wp-json\/wp\/v2\/media?parent=133366"}],"wp:term":[{"taxonomy":"category","embeddable":true,"href":"https:\/\/linitiative.ca\/International\/wp-json\/wp\/v2\/categories?post=133366"},{"taxonomy":"post_tag","embeddable":true,"href":"https:\/\/linitiative.ca\/International\/wp-json\/wp\/v2\/tags?post=133366"}],"curies":[{"name":"wp","href":"https:\/\/api.w.org\/{rel}","templated":true}]}}