{"id":133368,"date":"2021-11-18T13:01:11","date_gmt":"2021-11-18T18:01:11","guid":{"rendered":"https:\/\/linitiative.ca\/International\/cameroun-soins-medicaux-lhopital-de-reference-de-sangmelima-en-mode-seduction\/"},"modified":"2021-11-18T13:01:11","modified_gmt":"2021-11-18T18:01:11","slug":"cameroun-soins-medicaux-lhopital-de-reference-de-sangmelima-en-mode-seduction","status":"publish","type":"post","link":"https:\/\/linitiative.ca\/International\/cameroun-soins-medicaux-lhopital-de-reference-de-sangmelima-en-mode-seduction\/","title":{"rendered":"Cameroun \u2013 Soins m\u00e9dicaux : l\u2019H\u00f4pital de R\u00e9f\u00e9rence de Sangmelima en mode s\u00e9duction"},"content":{"rendered":"<div>\n<p><img loading=\"lazy\" decoding=\"async\" width=\"998\" height=\"461\" src=\"https:\/\/linitiative.ca\/International\/wp-content\/uploads\/sites\/23\/2021\/11\/HC3B4pital-de-RC3A9fC3A9rence-de-Sangmelima.jpg\" class=\"attachment-post-thumbnail size-post-thumbnail wp-post-image\" alt=\"\" srcset=\"https:\/\/linitiative.ca\/International\/wp-content\/uploads\/sites\/23\/2021\/11\/HC3B4pital-de-RC3A9fC3A9rence-de-Sangmelima.jpg 998w, https:\/\/www.journalducameroun.com\/wp-content\/uploads\/2021\/11\/H\u00f4pital-de-R\u00e9f\u00e9rence-de-Sangmelima-300x139.jpg 300w, https:\/\/www.journalducameroun.com\/wp-content\/uploads\/2021\/11\/H\u00f4pital-de-R\u00e9f\u00e9rence-de-Sangmelima-768x355.jpg 768w, https:\/\/www.journalducameroun.com\/wp-content\/uploads\/2021\/11\/H\u00f4pital-de-R\u00e9f\u00e9rence-de-Sangmelima-953x440.jpg 953w, https:\/\/www.journalducameroun.com\/wp-content\/uploads\/2021\/11\/H\u00f4pital-de-R\u00e9f\u00e9rence-de-Sangmelima-600x277.jpg 600w\" sizes=\"auto, (max-width: 998px) 100vw, 998px\"><\/p>\n<p style=\"text-align: justify;\"><strong>Le top management de cette formation sanitaire de 2\u00e8me cat\u00e9gorie et \u00e0 vocation sous r\u00e9gionale, organise depuis le 16 novembre, la premi\u00e8re session des journ\u00e9es portes ouvertes. Elles se sont achev\u00e9es le 18 novembre 2021. Objectif, \u00ab rapprocher \u00bb davantage l\u2019HRS des populations, mieux se faire conna\u00eetre du public, promouvoir ses services.<\/strong><\/p>\n<p style=\"text-align: justify;\">\n<p style=\"text-align: justify;\">\n<p style=\"text-align: justify;\">\n<p style=\"text-align: justify;\">\n<p style=\"font-weight: 400; text-align: justify;\">L\u2019<strong>H\u00f4pital de r\u00e9f\u00e9rence de Sangm\u00e9lima<\/strong> se met d\u00e9sormais \u00ab\u00a0<em>au service des populations\u00a0<\/em>\u00bb, tel que l\u2019indique le slogan nouvellement adopt\u00e9 par son directeur, <strong>Dominique Noah Noah<\/strong>, nomm\u00e9 il y a un mois. Il est situ\u00e9 dans la r\u00e9gion du Sud, fronti\u00e8re avec le Gabon, la Guin\u00e9e Equatoriale et le Congo. Pendant trois jours (16 novembre au 18 novembre) 2021, des journ\u00e9es portes ouvertes ont \u00e9t\u00e9 organis\u00e9es en son sein, ceci dans l\u2019optique de r\u00e9tablir la confiance entre cet h\u00f4pital et les populations, autrefois \u00ab\u00a0h\u00f4pital des riches\u00a0\u00bb.<\/p>\n<p style=\"font-weight: 400; text-align: justify;\">\u00c9taient au programme, plusieurs activit\u00e9s, notamment le d\u00e9pistage gratuit de l\u2019h\u00e9patite B et C, d\u00e9pistage gratuit du diab\u00e8te, d\u00e9pistage\u00a0 de l\u2019hypertension art\u00e9rielle,\u00a0 des causeries \u00e9ducative, les consultations pr\u00e9natales gratuites avec \u00e9chographie obst\u00e9tricale \u00e0 50% ;\u00a0 les examens de stomatologie gratuit\u00e9,\u00a0 des soins dentaires 50%, des consultations ORL gratuites, les prises en charge des petites pathologie, la chirurgie (op\u00e9rations des hernies gratuites),\u00a0 chirurgie\u00a0 lipomes\u00a0 gratuite, bilan d\u2019audiom\u00e9trie \u00e0 50%, une conf\u00e9rence sur le cancer de sein ; d\u00e9pistage pr\u00e9coce sur la surdit\u00e9\u00a0 chez les enfants ; consultations ophtalmologie gratuites avec fond d\u2019\u0153il ; ORL (lavage des oreilles gratuit),\u00a0 \u00e9ducation sur l\u2019auto-d\u00e9pistage du cancer du sein, la chirurgie(op\u00e9ration des hernies gratuite) entre autres. Les soins pour le paludisme des enfants de z\u00e9ro \u00e0 5 ans sont gratuits. \u00ab\u00a0<em>Il est question pour nous de voir quels sont les probl\u00e8mes majeurs, le premier probl\u00e8me majeur diagnostiqu\u00e9 c\u2019\u00e9tait les prix \u00e9lev\u00e9s des prestations et des consultations. Il faut dire que c\u2019est un h\u00f4pital de seconde cat\u00e9gorie qui se trouve en zone rural, o\u00f9 les populations n\u2019ont pas les moyens. Quand le malade arrive aux urgences, on le soigne d\u2019abord et on se rassure qu\u2019il doit payer apr\u00e8s. Nous avons entrepris l\u2019am\u00e9lioration de la qualit\u00e9 des soins qui va avec la pr\u00e9sence du personnel \u00e0 l\u2019h\u00f4pital<\/em>\u00bb a d\u00e9clar\u00e9 Dominique Noah Noah. Une source r\u00e9v\u00e8le que<em>\u00a0\u00ab pour la seule journ\u00e9e du 16 novembre, c\u2019est plus de 100 personnes qui ont \u00e9t\u00e9 consult\u00e9es et 15 hernies op\u00e9r\u00e9es gratuitement \u00bb,<\/em>\u00a0r\u00e9v\u00e8le une source au sein de l\u2019h\u00f4pital.<\/p>\n<p><img loading=\"lazy\" decoding=\"async\" class=\"alignnone size-full wp-image-398696\" src=\"https:\/\/linitiative.ca\/International\/wp-content\/uploads\/sites\/23\/2021\/11\/IMG_20211116_101916_912.jpg\" alt=\"\" width=\"4608\" height=\"3456\"><\/p>\n<p style=\"font-weight: 400; text-align: justify;\"><strong>Plan de relance<\/strong><\/p>\n<p style=\"font-weight: 400; text-align: justify;\">Engag\u00e9 des r\u00e9formes notamment la baisse significative des frais des consultations pour ce qui est des sp\u00e9cialistes de 5 000 FCFA \u00e0 1 500 FCFA. La consultation du m\u00e9decin g\u00e9n\u00e9raliste, elle, demeure 6000 FCFA.\u00a0 D\u2019apr\u00e8s nos sources, l\u2019ancien Directeur a \u00e9t\u00e9 vir\u00e9 pour plusieurs manquements notamment au niveau de la politique manag\u00e9riale.<\/p>\n<p style=\"font-weight: 400; text-align: justify;\">Outre ce probl\u00e8me, il y avait celui de l\u2019absent\u00e9isme, qui est d\u00e9j\u00e0 r\u00e9solu par le nouveau top management. Par ailleurs,\u00a0 de coordination ont \u00e9t\u00e9 institu\u00e9es tous les lundis, des tables rondes sont faites deux fois par semaine. Ceci va aussi avec la qualit\u00e9 de la motivation, avec l\u2019am\u00e9lioration de quote-part. \u00ab\u00a0<em>Ces quotes-parts seront d\u2019avantage am\u00e9lior\u00e9es si la fr\u00e9quentation augmente, si les recettes augmentent\u00a0\u00bb<\/em>\u00a0rassure d\u2019ailleurs le nouveau boss de l\u2019HRS.<\/p>\n<p style=\"font-weight: 400; text-align: justify;\">Le nouveau Directeur a instaur\u00e9 le paiement des gardes qui n\u2019\u00e9taient pas pay\u00e9s auparavant. Avec en prime,\u00a0 la mise en place de la supervision des seniors qui assistent les autres m\u00e9decins g\u00e9n\u00e9ralistes. Il y a actuellement des brancardiers dans cet h\u00f4pital. Ce qui n\u2019y existait pas. A travers ces journ\u00e9es portes ouvertes,\u00a0<em>\u00ab il \u00e9tait question pour nous de d\u00e9montrer aux populations qu\u2019au niveau interne de l\u2019h\u00f4pital nous sommes pr\u00eats. Maintenant les populations peuvent venir. Nous allons les soigner et c\u2019est le but recherch\u00e9 par les journ\u00e9es portes ouvertes \u00bb<\/em>\u00a0a rassur\u00e9 le Directeur de l\u2019HRS.<\/p>\n<p style=\"font-weight: 400; text-align: justify;\">A noter que l\u2019HRS dispose d\u2019un h\u00e9liport qui jamais \u00e9t\u00e9 utilis\u00e9, de 110 lits, onze m\u00e9decins sp\u00e9cialistes et une vingtaine de m\u00e9decins g\u00e9n\u00e9ralistes. Pour 2022, trois sessions de JPO sont programm\u00e9es. On annonce une centrale solaire pour pallier le probl\u00e8me des coupures d&rsquo;\u00e9lectricit\u00e9.<\/p>\n<p style=\"text-align: justify;\">\n<p style=\"text-align: justify;\">\n<p>Cet article <a rel=\"nofollow\" href=\"https:\/\/www.journalducameroun.com\/cameroun-soins-medicaux-lhopital-de-reference-de-sangmelima-en-mode-seduction-cameroun\/\">Cameroun \u2013 Soins m\u00e9dicaux : l\u2019H\u00f4pital de R\u00e9f\u00e9rence de Sangmelima en mode s\u00e9duction<\/a> est apparu en premier sur <a rel=\"nofollow\" href=\"https:\/\/www.journalducameroun.com\/\">Journal du Cameroun<\/a>.<\/p>\n<\/div>\n<p>Auteur: Christian DJIMADEU<br \/>\n<a href=\"https:\/\/www.journalducameroun.com\/cameroun-soins-medicaux-lhopital-de-reference-de-sangmelima-en-mode-seduction-cameroun\/\">Cliquez ici pour lire l&rsquo;article depuis sa source.<\/a><\/p>\n","protected":false},"excerpt":{"rendered":"<p>Le top management de cette formation sanitaire de 2\u00e8me cat\u00e9gorie et \u00e0 vocation sous r\u00e9gionale, organise depuis le 16 novembre, la premi\u00e8re session des journ\u00e9es portes ouvertes. Elles se sont achev\u00e9es le 18 novembre 2021. Objectif, \u00ab rapprocher \u00bb davantage l\u2019HRS des populations, mieux se faire conna\u00eetre du public, promouvoir ses services. L\u2019H\u00f4pital de r\u00e9f\u00e9rence [&hellip;]<\/p>\n","protected":false},"author":1965,"featured_media":0,"comment_status":"closed","ping_status":"closed","sticky":false,"template":"","format":"standard","meta":{"fifu_image_url":"https:\/\/www.journalducameroun.com\/wp-content\/uploads\/2021\/11\/H\u00f4pital-de-R\u00e9f\u00e9rence-de-Sangmelima.jpg","fifu_image_alt":"Cameroun \u2013 Soins m\u00e9dicaux : l\u2019H\u00f4pital de R\u00e9f\u00e9rence de Sangmelima en mode s\u00e9duction","footnotes":""},"categories":[73,82],"tags":[],"class_list":["post-133368","post","type-post","status-publish","format-standard","hentry","category-actualite","category-cameroun"],"_links":{"self":[{"href":"https:\/\/linitiative.ca\/International\/wp-json\/wp\/v2\/posts\/133368","targetHints":{"allow":["GET"]}}],"collection":[{"href":"https:\/\/linitiative.ca\/International\/wp-json\/wp\/v2\/posts"}],"about":[{"href":"https:\/\/linitiative.ca\/International\/wp-json\/wp\/v2\/types\/post"}],"author":[{"embeddable":true,"href":"https:\/\/linitiative.ca\/International\/wp-json\/wp\/v2\/users\/1965"}],"replies":[{"embeddable":true,"href":"https:\/\/linitiative.ca\/International\/wp-json\/wp\/v2\/comments?post=133368"}],"version-history":[{"count":0,"href":"https:\/\/linitiative.ca\/International\/wp-json\/wp\/v2\/posts\/133368\/revisions"}],"wp:attachment":[{"href":"https:\/\/linitiative.ca\/International\/wp-json\/wp\/v2\/media?parent=133368"}],"wp:term":[{"taxonomy":"category","embeddable":true,"href":"https:\/\/linitiative.ca\/International\/wp-json\/wp\/v2\/categories?post=133368"},{"taxonomy":"post_tag","embeddable":true,"href":"https:\/\/linitiative.ca\/International\/wp-json\/wp\/v2\/tags?post=133368"}],"curies":[{"name":"wp","href":"https:\/\/api.w.org\/{rel}","templated":true}]}}