{"id":133393,"date":"2021-11-18T16:56:56","date_gmt":"2021-11-18T21:56:56","guid":{"rendered":"https:\/\/linitiative.ca\/International\/jerada-a-lheure-du-festival-international-du-theatre-de-lenfant\/"},"modified":"2021-11-18T16:56:56","modified_gmt":"2021-11-18T21:56:56","slug":"jerada-a-lheure-du-festival-international-du-theatre-de-lenfant","status":"publish","type":"post","link":"https:\/\/linitiative.ca\/International\/jerada-a-lheure-du-festival-international-du-theatre-de-lenfant\/","title":{"rendered":"Jerada \u00e0 l\u2019heure du Festival international du th\u00e9\u00e2tre de l\u2019enfant"},"content":{"rendered":"<div>\n<div style=\"margin-bottom:20px;\"><img loading=\"lazy\" decoding=\"async\" width=\"750\" height=\"430\" src=\"https:\/\/linitiative.ca\/International\/wp-content\/uploads\/sites\/23\/2021\/11\/CC3A9lC3A9bration-de-la-Marche-verte-750C397430-MAP.jpg\" class=\"attachment-post-thumbnail size-post-thumbnail wp-post-image\" alt=\"\" srcset=\"https:\/\/linitiative.ca\/International\/wp-content\/uploads\/sites\/23\/2021\/11\/CC3A9lC3A9bration-de-la-Marche-verte-750C397430-MAP.jpg 750w, http:\/\/www.mapoujda.ma\/map\/uploads\/2021\/11\/C\u00e9l\u00e9bration-de-la-Marche-verte-750\u00d7430-MAP-300x172.jpg 300w\" sizes=\"auto, (max-width: 750px) 100vw, 750px\"><\/div>\n<div>\n<p style=\"text-align: justify;\">Le Centre culturel de Jerada accueille, du 17 au 20 novembre courant, la 8\u00e8me \u00e9dition du Festival international du th\u00e9\u00e2tre de l\u2019enfant \u00abMafahim\u00bb, sous le th\u00e8me \u00abL\u2019enfant \u00e0 l\u2019horizon du Nouveau mod\u00e8le de d\u00e9veloppement\u00bb.<\/p>\n<p style=\"text-align: justify;\">Cet \u00e9v\u00e8nement, d\u00e9di\u00e9 cette ann\u00e9e \u00e0 l\u2019artiste marocain Jawad Sayeh, et organis\u00e9 par la F\u00e9d\u00e9ration des associations de la province de Jerada (FAPJ), avec le soutien du d\u00e9partement de la Culture et d\u2019autres partenaires institutionnels, a pour objectifs de promouvoir le th\u00e9\u00e2tre de l\u2019enfant et contribuer \u00e0 l\u2019animation culturelle de la ville de Jerada.<\/p>\n<p style=\"text-align: justify;\">La c\u00e9r\u00e9monie d\u2019ouverture de cette rencontre, tenue \u00e0 l\u2019occasion de la c\u00e9l\u00e9bration du 46\u00e8me anniversaire de la Marche Verte et du 66\u00e8me anniversaire de la F\u00eate de l\u2019Ind\u00e9pendance, a \u00e9t\u00e9 marqu\u00e9e par des hommages rendus aux artistes marocains Jawad Sayeh, Mohamed Touirtou, Noureddine Benkirane et Driss Chlihi.<\/p>\n<p style=\"text-align: justify;\">Dans une allocution \u00e0 cette occasion, le pr\u00e9sident de la FAPJ, Amar El Houari s\u2019est f\u00e9licit\u00e9 du rayonnement grandissant de ce festival qui s\u2019est fait une place parmi les grands \u00e9v\u00e9nements artistiques au Maroc, notamment ceux d\u00e9di\u00e9s \u00e0 l\u2019enfance.<\/p>\n<p style=\"text-align: justify;\">Le th\u00e9\u00e2tre de l\u2019enfant est le th\u00e9\u00e2tre qui sert l\u2019enfance, qu\u2019il soit interpr\u00e9t\u00e9 par des grands ou des petits, avec pour finalit\u00e9s de divertir, \u00e9duquer et stimuler la curiosit\u00e9 de l\u2019enfant, son amour de l\u2019apprentissage et ses capacit\u00e9s de communication, a-t-il soulign\u00e9.<\/p>\n<p style=\"text-align: justify;\">Le programme de cette manifestation culturelle pr\u00e9voit la pr\u00e9sentation des pi\u00e8ces de th\u00e9\u00e2tre participantes, en plus de plusieurs activit\u00e9s pour les enfants et diff\u00e9rents spectacles artistiques et folkloriques.<\/p>\n<p style=\"text-align: justify;\">Au menu de cette \u00e9dition \u00e9galement une conf\u00e9rence sur le th\u00e8me \u00abL\u2019enfant \u00e0 l\u2019horizon du Nouveau mod\u00e8le de d\u00e9veloppement\u00bb, en plus de la signature du livre \u00abA la recherche d\u2019un acteur\u00bb de Yahia Benfares.<\/p>\n<p style=\"text-align: justify;\">Des activit\u00e9s parall\u00e8les seront organis\u00e9es dans le cadre de ce festival dans les communes d\u2019Ain Beni Mathar, Oued El Himer, Gafait et Guenfouda, relevant de la province de Jerada.<\/p>\n<\/div>\n<p>L\u2019article <a rel=\"nofollow\" href=\"http:\/\/www.mapoujda.ma\/fr\/jerada-a-lheure-du-festival-international-du-theatre-de-lenfant\/\">Jerada \u00e0 l\u2019heure du Festival international du th\u00e9\u00e2tre de l\u2019enfant<\/a> est apparu en premier sur <a rel=\"nofollow\" href=\"http:\/\/www.mapoujda.ma\/fr\">MapOujda<\/a>.<\/p>\n<\/div>\n<p>Auteur: Soufiane ELAHMAR<br \/>\n<a href=\"http:\/\/www.mapoujda.ma\/fr\/jerada-a-lheure-du-festival-international-du-theatre-de-lenfant\/\">Cliquez ici pour lire l&rsquo;article depuis sa source.<\/a><\/p>\n","protected":false},"excerpt":{"rendered":"<p>Le Centre culturel de Jerada accueille, du 17 au 20 novembre courant, la 8\u00e8me \u00e9dition du Festival international du th\u00e9\u00e2tre de l\u2019enfant \u00abMafahim\u00bb, sous le th\u00e8me \u00abL\u2019enfant \u00e0 l\u2019horizon du Nouveau mod\u00e8le de d\u00e9veloppement\u00bb. Cet \u00e9v\u00e8nement, d\u00e9di\u00e9 cette ann\u00e9e \u00e0 l\u2019artiste marocain Jawad Sayeh, et organis\u00e9 par la F\u00e9d\u00e9ration des associations de la province de [&hellip;]<\/p>\n","protected":false},"author":1788,"featured_media":0,"comment_status":"closed","ping_status":"closed","sticky":false,"template":"","format":"standard","meta":{"fifu_image_url":"http:\/\/www.mapoujda.ma\/map\/uploads\/2021\/11\/C\u00e9l\u00e9bration-de-la-Marche-verte-750\u00d7430-MAP.jpg","fifu_image_alt":"Jerada \u00e0 l\u2019heure du Festival international du th\u00e9\u00e2tre de l\u2019enfant","footnotes":""},"categories":[54,76],"tags":[],"class_list":["post-133393","post","type-post","status-publish","format-standard","hentry","category-maroc","category-regions"],"_links":{"self":[{"href":"https:\/\/linitiative.ca\/International\/wp-json\/wp\/v2\/posts\/133393","targetHints":{"allow":["GET"]}}],"collection":[{"href":"https:\/\/linitiative.ca\/International\/wp-json\/wp\/v2\/posts"}],"about":[{"href":"https:\/\/linitiative.ca\/International\/wp-json\/wp\/v2\/types\/post"}],"author":[{"embeddable":true,"href":"https:\/\/linitiative.ca\/International\/wp-json\/wp\/v2\/users\/1788"}],"replies":[{"embeddable":true,"href":"https:\/\/linitiative.ca\/International\/wp-json\/wp\/v2\/comments?post=133393"}],"version-history":[{"count":0,"href":"https:\/\/linitiative.ca\/International\/wp-json\/wp\/v2\/posts\/133393\/revisions"}],"wp:attachment":[{"href":"https:\/\/linitiative.ca\/International\/wp-json\/wp\/v2\/media?parent=133393"}],"wp:term":[{"taxonomy":"category","embeddable":true,"href":"https:\/\/linitiative.ca\/International\/wp-json\/wp\/v2\/categories?post=133393"},{"taxonomy":"post_tag","embeddable":true,"href":"https:\/\/linitiative.ca\/International\/wp-json\/wp\/v2\/tags?post=133393"}],"curies":[{"name":"wp","href":"https:\/\/api.w.org\/{rel}","templated":true}]}}