{"id":133397,"date":"2021-11-19T11:24:06","date_gmt":"2021-11-19T16:24:06","guid":{"rendered":"https:\/\/linitiative.ca\/International\/innovations-importantes-au-concours-de-recrutement-des-cadres-administratifs\/"},"modified":"2021-11-19T11:24:06","modified_gmt":"2021-11-19T16:24:06","slug":"innovations-importantes-au-concours-de-recrutement-des-cadres-administratifs","status":"publish","type":"post","link":"https:\/\/linitiative.ca\/International\/innovations-importantes-au-concours-de-recrutement-des-cadres-administratifs\/","title":{"rendered":"Innovations importantes au concours de recrutement des cadres administratifs"},"content":{"rendered":"<div>\n<div style=\"margin-bottom:20px;\"><img loading=\"lazy\" decoding=\"async\" width=\"750\" height=\"430\" src=\"https:\/\/linitiative.ca\/International\/wp-content\/uploads\/sites\/23\/2021\/11\/classe-dans-une-C3A9cole-primaire-750C397430-MAP.jpg\" class=\"attachment-post-thumbnail size-post-thumbnail wp-post-image\" alt=\"\" srcset=\"https:\/\/linitiative.ca\/International\/wp-content\/uploads\/sites\/23\/2021\/11\/classe-dans-une-C3A9cole-primaire-750C397430-MAP.jpg 750w, http:\/\/www.mapoujda.ma\/map\/uploads\/2021\/11\/classe-dans-une-\u00e9cole-primaire-750\u00d7430-MAP-300x172.jpg 300w\" sizes=\"auto, (max-width: 750px) 100vw, 750px\"><\/div>\n<div>\n<p style=\"text-align: justify;\">Le concours de recrutement des enseignants et des cadres administratifs conna\u00eetra cette ann\u00e9e des innovations importantes, a annonc\u00e9 le minist\u00e8re de l\u2019\u00c9ducation nationale, du Pr\u00e9scolaire et des Sports.<\/p>\n<p style=\"text-align: justify;\">\u00ab\u00a0A l\u2019occasion de la publication de l\u2019avis d\u2019organisation du concours de recrutement des enseignants et des cadres administratifs, des innovations importantes ont \u00e9t\u00e9 introduites dans le cadre de la r\u00e9forme pour une renaissance \u00e9ducative\u00a0\u00bb, pr\u00e9cise le minist\u00e8re, vendredi dans un communiqu\u00e9.<\/p>\n<p style=\"text-align: justify;\">Le concours de cette ann\u00e9e s\u2019inscrit donc dans la politique d\u2019am\u00e9lioration qualitative du syst\u00e8me \u00e9ducatif, initi\u00e9e par la Loi cadre et \u00e9rig\u00e9e en tant que priorit\u00e9 par le Nouveau Mod\u00e8le de D\u00e9veloppement et le programme gouvernemental, souligne la m\u00eame source, ajoutant que \u201ccette orientation contribue \u00e0 r\u00e9pondre aux attentes des Marocaines et des Marocains concernant l\u2019\u00e9cole publique\u201d.<\/p>\n<p style=\"text-align: justify;\">Les nouveaut\u00e9s de cette ann\u00e9e concernent, notamment, la mise en place d\u2019une proc\u00e9dure de pr\u00e9-s\u00e9lection au concours \u00e9crit sur la base de crit\u00e8res objectifs et rigoureux, afin de renforcer la s\u00e9lectivit\u00e9 du concours, et l\u2019attractivit\u00e9 des m\u00e9tiers de l\u2019enseignement pour les meilleurs candidats, fait-on savoir, expliquant que les crit\u00e8res pris en compte seront la mention obtenue au baccalaur\u00e9at, celle de la licence et la dur\u00e9e pour l\u2019obtention de cette derni\u00e8re.<\/p>\n<p style=\"text-align: justify;\">Le concours sera, \u00e9galement, marqu\u00e9 par l\u2019introduction d\u2019une lettre de motivation exig\u00e9e des candidats pour \u00e9valuer l\u2019int\u00e9r\u00eat pour les m\u00e9tiers de l\u2019\u00e9ducation et favoriser ainsi les vocations, rel\u00e8ve le communiqu\u00e9, ajoutant que les titulaires de licence d\u2019\u00e9ducation seront exempt\u00e9s de la phase de pr\u00e9-s\u00e9lection et seront, donc, soumis directement au concours \u00e9crit, une disposition qui contribue \u00e0 encourager les parcours de formation longs en 5 ans renfor\u00e7ant la professionnalisation du m\u00e9tier.<\/p>\n<p style=\"text-align: justify;\">L\u2019\u00e2ge maximum requis est fix\u00e9 \u00e0 30 ans afin d\u2019attirer des candidats jeunes dans la profession enseignante, dans l\u2019objectif de s\u2019assurer leur engagement durable pour l\u2019\u00e9cole publique et d\u2019investir dans la formation et le d\u00e9veloppement de leur parcours professionnel.<\/p>\n<p style=\"text-align: justify;\">Ces dispositions constituent une premi\u00e8re \u00e9tape dans le processus d\u2019am\u00e9lioration du recrutement et de l\u2019attractivit\u00e9 des m\u00e9tiers de l\u2019\u00e9ducation, conclut le communiqu\u00e9.<\/p>\n<\/div>\n<p>L\u2019article <a rel=\"nofollow\" href=\"http:\/\/www.mapoujda.ma\/fr\/innovations-importantes-au-concours-de-recrutement-des-cadres-administratifs\/\">Innovations importantes au concours de recrutement des cadres administratifs<\/a> est apparu en premier sur <a rel=\"nofollow\" href=\"http:\/\/www.mapoujda.ma\/fr\">MapOujda<\/a>.<\/p>\n<\/div>\n<p>Auteur: Soufiane ELAHMAR<br \/>\n<a href=\"http:\/\/www.mapoujda.ma\/fr\/innovations-importantes-au-concours-de-recrutement-des-cadres-administratifs\/\">Cliquez ici pour lire l&rsquo;article depuis sa source.<\/a><\/p>\n","protected":false},"excerpt":{"rendered":"<p>Le concours de recrutement des enseignants et des cadres administratifs conna\u00eetra cette ann\u00e9e des innovations importantes, a annonc\u00e9 le minist\u00e8re de l\u2019\u00c9ducation nationale, du Pr\u00e9scolaire et des Sports. \u00ab\u00a0A l\u2019occasion de la publication de l\u2019avis d\u2019organisation du concours de recrutement des enseignants et des cadres administratifs, des innovations importantes ont \u00e9t\u00e9 introduites dans le cadre [&hellip;]<\/p>\n","protected":false},"author":1788,"featured_media":0,"comment_status":"closed","ping_status":"closed","sticky":false,"template":"","format":"standard","meta":{"fifu_image_url":"http:\/\/www.mapoujda.ma\/map\/uploads\/2021\/11\/classe-dans-une-\u00e9cole-primaire-750\u00d7430-MAP.jpg","fifu_image_alt":"Innovations importantes au concours de recrutement des cadres administratifs","footnotes":""},"categories":[54,76],"tags":[],"class_list":["post-133397","post","type-post","status-publish","format-standard","hentry","category-maroc","category-regions"],"_links":{"self":[{"href":"https:\/\/linitiative.ca\/International\/wp-json\/wp\/v2\/posts\/133397","targetHints":{"allow":["GET"]}}],"collection":[{"href":"https:\/\/linitiative.ca\/International\/wp-json\/wp\/v2\/posts"}],"about":[{"href":"https:\/\/linitiative.ca\/International\/wp-json\/wp\/v2\/types\/post"}],"author":[{"embeddable":true,"href":"https:\/\/linitiative.ca\/International\/wp-json\/wp\/v2\/users\/1788"}],"replies":[{"embeddable":true,"href":"https:\/\/linitiative.ca\/International\/wp-json\/wp\/v2\/comments?post=133397"}],"version-history":[{"count":0,"href":"https:\/\/linitiative.ca\/International\/wp-json\/wp\/v2\/posts\/133397\/revisions"}],"wp:attachment":[{"href":"https:\/\/linitiative.ca\/International\/wp-json\/wp\/v2\/media?parent=133397"}],"wp:term":[{"taxonomy":"category","embeddable":true,"href":"https:\/\/linitiative.ca\/International\/wp-json\/wp\/v2\/categories?post=133397"},{"taxonomy":"post_tag","embeddable":true,"href":"https:\/\/linitiative.ca\/International\/wp-json\/wp\/v2\/tags?post=133397"}],"curies":[{"name":"wp","href":"https:\/\/api.w.org\/{rel}","templated":true}]}}