{"id":133413,"date":"2021-11-19T06:10:00","date_gmt":"2021-11-19T11:10:00","guid":{"rendered":"https:\/\/linitiative.ca\/International\/une-flotte-ottomane-a-toulon-au-xvie-siecle\/"},"modified":"2021-11-19T06:10:00","modified_gmt":"2021-11-19T11:10:00","slug":"une-flotte-ottomane-a-toulon-au-xvie-siecle","status":"publish","type":"post","link":"https:\/\/linitiative.ca\/International\/une-flotte-ottomane-a-toulon-au-xvie-siecle\/","title":{"rendered":"Une flotte ottomane \u00e0 Toulon au XVIe si\u00e8cle"},"content":{"rendered":"<div><img decoding=\"async\" src=\"https:\/\/linitiative.ca\/International\/wp-content\/uploads\/sites\/23\/2021\/11\/1637316047_article.jpg\" alt=\"Une flotte ottomane \u00e0 Toulon au XVIe si\u00e8cle\" align=\"left\">Par Mohamed-El Aziz Ben Achour &#8211; Traditionnellement, lorsqu\u2019on \u00e9voque le monde m\u00e9diterran\u00e9en du Moyen \u00c2ge et des premiers temps de l\u2019\u00e9poque moderne, une image vient \u00e0 l\u2019esprit : le face-\u00e0-face de la Chr\u00e9tient\u00e9 et de l\u2019Islam. Certes, la volont\u00e9 d\u2019en d\u00e9coudre au nom de la foi \u00e9tait r\u00e9elle et les affrontements arm\u00e9s pour la supr\u00e9matie maritime et terrestre nombreux ; sans parler de l\u2019activit\u00e9 corsaire, cette \u00abguerre seconde\u00bb, selon l\u2019expression de Fernand Braudel, \u00e0 laquelle s\u2019adonnaient all\u00e9grement Maghr\u00e9bins et Europ\u00e9ens. Ce que l\u2019on sait moins, c\u2019est que, parall\u00e8lement \u00e0 la comp\u00e9tition majeure, il existait des conflits o\u00f9 la raison d\u2019Etat, &#8230;<\/p>\n<\/div>\n<p>Auteur:<br \/>\n<a href=\"https:\/\/www.leaders.com.tn\/article\/32677-une-flotte-ottomane-a-toulon-au-xvie-siecle\">Cliquez ici pour lire l&rsquo;article depuis sa source.<\/a><\/p>\n","protected":false},"excerpt":{"rendered":"<p>Par Mohamed-El Aziz Ben Achour &#8211; Traditionnellement, lorsqu\u2019on \u00e9voque le monde m\u00e9diterran\u00e9en du Moyen \u00c2ge et des premiers temps de l\u2019\u00e9poque moderne, une image vient \u00e0 l\u2019esprit : le face-\u00e0-face de la Chr\u00e9tient\u00e9 et de l\u2019Islam. Certes, la volont\u00e9 d\u2019en d\u00e9coudre au nom de la foi \u00e9tait r\u00e9elle et les affrontements arm\u00e9s pour la supr\u00e9matie [&hellip;]<\/p>\n","protected":false},"author":1772,"featured_media":0,"comment_status":"closed","ping_status":"closed","sticky":false,"template":"","format":"standard","meta":{"fifu_image_url":"http:\/\/www.leaders.com.tn\/uploads\/content\/thumbnails_small\/1637316047_article.jpg","fifu_image_alt":"Une flotte ottomane \u00e0 Toulon au XVIe si\u00e8cle","footnotes":""},"categories":[73,55],"tags":[],"class_list":["post-133413","post","type-post","status-publish","format-standard","hentry","category-actualite","category-tunisie"],"_links":{"self":[{"href":"https:\/\/linitiative.ca\/International\/wp-json\/wp\/v2\/posts\/133413","targetHints":{"allow":["GET"]}}],"collection":[{"href":"https:\/\/linitiative.ca\/International\/wp-json\/wp\/v2\/posts"}],"about":[{"href":"https:\/\/linitiative.ca\/International\/wp-json\/wp\/v2\/types\/post"}],"author":[{"embeddable":true,"href":"https:\/\/linitiative.ca\/International\/wp-json\/wp\/v2\/users\/1772"}],"replies":[{"embeddable":true,"href":"https:\/\/linitiative.ca\/International\/wp-json\/wp\/v2\/comments?post=133413"}],"version-history":[{"count":0,"href":"https:\/\/linitiative.ca\/International\/wp-json\/wp\/v2\/posts\/133413\/revisions"}],"wp:attachment":[{"href":"https:\/\/linitiative.ca\/International\/wp-json\/wp\/v2\/media?parent=133413"}],"wp:term":[{"taxonomy":"category","embeddable":true,"href":"https:\/\/linitiative.ca\/International\/wp-json\/wp\/v2\/categories?post=133413"},{"taxonomy":"post_tag","embeddable":true,"href":"https:\/\/linitiative.ca\/International\/wp-json\/wp\/v2\/tags?post=133413"}],"curies":[{"name":"wp","href":"https:\/\/api.w.org\/{rel}","templated":true}]}}