{"id":133419,"date":"2021-11-19T02:59:36","date_gmt":"2021-11-19T07:59:36","guid":{"rendered":"https:\/\/linitiative.ca\/International\/astrazeneca-annonce-des-essais-reussis-pour-un-medicament-contre-le-covid-19\/"},"modified":"2021-11-19T02:59:36","modified_gmt":"2021-11-19T07:59:36","slug":"astrazeneca-annonce-des-essais-reussis-pour-un-medicament-contre-le-covid-19","status":"publish","type":"post","link":"https:\/\/linitiative.ca\/International\/astrazeneca-annonce-des-essais-reussis-pour-un-medicament-contre-le-covid-19\/","title":{"rendered":"Astrazeneca annonce des essais r\u00e9ussis pour un m\u00e9dicament contre le covid-19"},"content":{"rendered":"<div><img decoding=\"async\" width=\"932\" height=\"582\" src=\"https:\/\/linitiative.ca\/International\/wp-content\/uploads\/sites\/23\/2021\/11\/astrazenecca-1.jpg\" class=\"attachment-post-thumbnail size-post-thumbnail wp-post-image\" alt=\"\" loading=\"lazy\" srcset=\"https:\/\/linitiative.ca\/International\/wp-content\/uploads\/sites\/23\/2021\/11\/astrazenecca-1.jpg 932w, https:\/\/www.challenge.ma\/wp-content\/uploads\/2021\/11\/astrazenecca-1-300x187.jpg 300w, https:\/\/www.challenge.ma\/wp-content\/uploads\/2021\/11\/astrazenecca-1-768x480.jpg 768w, https:\/\/www.challenge.ma\/wp-content\/uploads\/2021\/11\/astrazenecca-1-360x225.jpg 360w, https:\/\/www.challenge.ma\/wp-content\/uploads\/2021\/11\/astrazenecca-1-750x468.jpg 750w\" sizes=\"auto, (max-width: 932px) 100vw, 932px\" itemprop=\"image\">Le m\u00e9dicament \u00ab\u00a0a montr\u00e9 une r\u00e9duction de 88\u00a0% du risque de Covid-19 grave ou de d\u00e9c\u00e8s lorsqu\u2019il est trait\u00e9 dans les trois jours suivant l\u2019apparition des sympt\u00f4mes\u00a0\u00bb, selon le laboratoire britannique. Le g\u00e9ant pharmaceutique britannique AstraZeneca a \u00e0 son tour annonc\u00e9 des essais cliniques avanc\u00e9s r\u00e9ussis contre pour un m\u00e9dicament<\/div>\n<p>Auteur: challenge<br \/>\n<a href=\"https:\/\/www.challenge.ma\/astrazeneca-annonce-des-essais-reussis-pour-un-medicament-contre-le-covid-19-226414\/\">Cliquez ici pour lire l&rsquo;article depuis sa source.<\/a><\/p>\n","protected":false},"excerpt":{"rendered":"<p>Le m\u00e9dicament \u00ab\u00a0a montr\u00e9 une r\u00e9duction de 88\u00a0% du risque de Covid-19 grave ou de d\u00e9c\u00e8s lorsqu\u2019il est trait\u00e9 dans les trois jours suivant l\u2019apparition des sympt\u00f4mes\u00a0\u00bb, selon le laboratoire britannique. Le g\u00e9ant pharmaceutique britannique AstraZeneca a \u00e0 son tour annonc\u00e9 des essais cliniques avanc\u00e9s r\u00e9ussis contre pour un m\u00e9dicament Auteur: challenge Cliquez ici pour [&hellip;]<\/p>\n","protected":false},"author":1787,"featured_media":0,"comment_status":"closed","ping_status":"closed","sticky":false,"template":"","format":"standard","meta":{"fifu_image_url":"https:\/\/www.challenge.ma\/wp-content\/uploads\/2021\/11\/astrazenecca-1.jpg","fifu_image_alt":"Astrazeneca annonce des essais r\u00e9ussis pour un m\u00e9dicament contre le covid-19","footnotes":""},"categories":[78,54],"tags":[],"class_list":["post-133419","post","type-post","status-publish","format-standard","hentry","category-economie","category-maroc"],"_links":{"self":[{"href":"https:\/\/linitiative.ca\/International\/wp-json\/wp\/v2\/posts\/133419","targetHints":{"allow":["GET"]}}],"collection":[{"href":"https:\/\/linitiative.ca\/International\/wp-json\/wp\/v2\/posts"}],"about":[{"href":"https:\/\/linitiative.ca\/International\/wp-json\/wp\/v2\/types\/post"}],"author":[{"embeddable":true,"href":"https:\/\/linitiative.ca\/International\/wp-json\/wp\/v2\/users\/1787"}],"replies":[{"embeddable":true,"href":"https:\/\/linitiative.ca\/International\/wp-json\/wp\/v2\/comments?post=133419"}],"version-history":[{"count":0,"href":"https:\/\/linitiative.ca\/International\/wp-json\/wp\/v2\/posts\/133419\/revisions"}],"wp:attachment":[{"href":"https:\/\/linitiative.ca\/International\/wp-json\/wp\/v2\/media?parent=133419"}],"wp:term":[{"taxonomy":"category","embeddable":true,"href":"https:\/\/linitiative.ca\/International\/wp-json\/wp\/v2\/categories?post=133419"},{"taxonomy":"post_tag","embeddable":true,"href":"https:\/\/linitiative.ca\/International\/wp-json\/wp\/v2\/tags?post=133419"}],"curies":[{"name":"wp","href":"https:\/\/api.w.org\/{rel}","templated":true}]}}