{"id":133423,"date":"2021-11-19T04:46:16","date_gmt":"2021-11-19T09:46:16","guid":{"rendered":"https:\/\/linitiative.ca\/International\/biden-rejette-une-proposition-limitant-la-cooperation-militaire-avec-le-maroc\/"},"modified":"2021-11-19T04:46:16","modified_gmt":"2021-11-19T09:46:16","slug":"biden-rejette-une-proposition-limitant-la-cooperation-militaire-avec-le-maroc","status":"publish","type":"post","link":"https:\/\/linitiative.ca\/International\/biden-rejette-une-proposition-limitant-la-cooperation-militaire-avec-le-maroc\/","title":{"rendered":"Biden rejette une proposition limitant la coop\u00e9ration militaire avec le Maroc"},"content":{"rendered":"<div><img decoding=\"async\" width=\"768\" height=\"521\" src=\"https:\/\/linitiative.ca\/International\/wp-content\/uploads\/sites\/23\/2021\/11\/BIDEEEEN.jpg\" class=\"attachment-post-thumbnail size-post-thumbnail wp-post-image\" alt=\"\" loading=\"lazy\" srcset=\"https:\/\/linitiative.ca\/International\/wp-content\/uploads\/sites\/23\/2021\/11\/BIDEEEEN.jpg 768w, https:\/\/www.challenge.ma\/wp-content\/uploads\/2021\/11\/BIDEEEEN-300x204.jpg 300w, https:\/\/www.challenge.ma\/wp-content\/uploads\/2021\/11\/BIDEEEEN-360x244.jpg 360w, https:\/\/www.challenge.ma\/wp-content\/uploads\/2021\/11\/BIDEEEEN-750x509.jpg 750w\" sizes=\"auto, (max-width: 768px) 100vw, 768px\" itemprop=\"image\">L\u2019administration Biden a rejet\u00e9\u00a0la proposition\u00a0du s\u00e9nateur pro-Polisario Jack Reed, du parti D\u00e9mocrate, visant \u00e0 conditionner le financement de programmes de coop\u00e9ration militaire avec le Maroc \u00e0 son acceptation d\u2019un plan de paix au Sahara marocain.\u00a0La Maison blanche a soulign\u00e9,\u00a0dans un document, que cette requ\u00eate pourrait impacter n\u00e9gativement les engagements du<\/div>\n<p>Auteur: challenge<br \/>\n<a href=\"https:\/\/www.challenge.ma\/biden-rejette-une-proposition-limitant-la-cooperation-militaire-avec-le-maroc-226423\/\">Cliquez ici pour lire l&rsquo;article depuis sa source.<\/a><\/p>\n","protected":false},"excerpt":{"rendered":"<p>L\u2019administration Biden a rejet\u00e9\u00a0la proposition\u00a0du s\u00e9nateur pro-Polisario Jack Reed, du parti D\u00e9mocrate, visant \u00e0 conditionner le financement de programmes de coop\u00e9ration militaire avec le Maroc \u00e0 son acceptation d\u2019un plan de paix au Sahara marocain.\u00a0La Maison blanche a soulign\u00e9,\u00a0dans un document, que cette requ\u00eate pourrait impacter n\u00e9gativement les engagements du Auteur: challenge Cliquez ici pour [&hellip;]<\/p>\n","protected":false},"author":1787,"featured_media":0,"comment_status":"closed","ping_status":"closed","sticky":false,"template":"","format":"standard","meta":{"fifu_image_url":"https:\/\/www.challenge.ma\/wp-content\/uploads\/2021\/11\/BIDEEEEN.jpg","fifu_image_alt":"Biden rejette une proposition limitant la coop\u00e9ration militaire avec le Maroc","footnotes":""},"categories":[78,54],"tags":[],"class_list":["post-133423","post","type-post","status-publish","format-standard","hentry","category-economie","category-maroc"],"_links":{"self":[{"href":"https:\/\/linitiative.ca\/International\/wp-json\/wp\/v2\/posts\/133423","targetHints":{"allow":["GET"]}}],"collection":[{"href":"https:\/\/linitiative.ca\/International\/wp-json\/wp\/v2\/posts"}],"about":[{"href":"https:\/\/linitiative.ca\/International\/wp-json\/wp\/v2\/types\/post"}],"author":[{"embeddable":true,"href":"https:\/\/linitiative.ca\/International\/wp-json\/wp\/v2\/users\/1787"}],"replies":[{"embeddable":true,"href":"https:\/\/linitiative.ca\/International\/wp-json\/wp\/v2\/comments?post=133423"}],"version-history":[{"count":0,"href":"https:\/\/linitiative.ca\/International\/wp-json\/wp\/v2\/posts\/133423\/revisions"}],"wp:attachment":[{"href":"https:\/\/linitiative.ca\/International\/wp-json\/wp\/v2\/media?parent=133423"}],"wp:term":[{"taxonomy":"category","embeddable":true,"href":"https:\/\/linitiative.ca\/International\/wp-json\/wp\/v2\/categories?post=133423"},{"taxonomy":"post_tag","embeddable":true,"href":"https:\/\/linitiative.ca\/International\/wp-json\/wp\/v2\/tags?post=133423"}],"curies":[{"name":"wp","href":"https:\/\/api.w.org\/{rel}","templated":true}]}}