{"id":133427,"date":"2021-11-19T15:58:51","date_gmt":"2021-11-19T20:58:51","guid":{"rendered":"https:\/\/linitiative.ca\/International\/tunisie-controle-de-la-masse-salariale-kais-saied-tape-dans-le-mille\/"},"modified":"2021-11-19T15:58:51","modified_gmt":"2021-11-19T20:58:51","slug":"tunisie-controle-de-la-masse-salariale-kais-saied-tape-dans-le-mille","status":"publish","type":"post","link":"https:\/\/linitiative.ca\/International\/tunisie-controle-de-la-masse-salariale-kais-saied-tape-dans-le-mille\/","title":{"rendered":"Tunisie \u2013 Contr\u00f4le de la masse salariale\u00a0: Ka\u00efs Sa\u00efed tape dans le mille\u00a0!"},"content":{"rendered":"<div>\n<p>Ka\u00efs Sa\u00efed l\u2019avait annonc\u00e9, il y a quelques jours. Il allait falloir mieux contr\u00f4ler la masse salariale qui a atteint des dimensions impossibles. On appr\u00e9hendait, depuis qu\u2019il d\u00e9cide d\u2019op\u00e9rer des tailles dans les salaires, ou, surtout, dans les pensions des retrait\u00e9s, et on redoutait, les cons\u00e9quences que pouvait avoir cette mesure. Mais, finalement, Ka\u00efs Sa\u00efed [\u2026]<\/p>\n<p>L\u2019article <a href=\"https:\/\/www.tunisienumerique.com\/tunisie-controle-de-la-masse-salariale-kais-saied-tape-dans-le-mille\/\">Tunisie \u2013 Contr\u00f4le de la masse salariale\u00a0: Ka\u00efs Sa\u00efed tape dans le mille\u00a0!<\/a> est apparu en premier sur <a href=\"https:\/\/www.tunisienumerique.com\/\">Tunisie<\/a>.<\/p>\n<\/div>\n<p>Auteur: Saber .<br \/>\n<a href=\"https:\/\/www.tunisienumerique.com\/tunisie-controle-de-la-masse-salariale-kais-saied-tape-dans-le-mille\/\">Cliquez ici pour lire l&rsquo;article depuis sa source.<\/a><\/p>\n","protected":false},"excerpt":{"rendered":"<p>Ka\u00efs Sa\u00efed l\u2019avait annonc\u00e9, il y a quelques jours. Il allait falloir mieux contr\u00f4ler la masse salariale qui a atteint des dimensions impossibles. On appr\u00e9hendait, depuis qu\u2019il d\u00e9cide d\u2019op\u00e9rer des tailles dans les salaires, ou, surtout, dans les pensions des retrait\u00e9s, et on redoutait, les cons\u00e9quences que pouvait avoir cette mesure. Mais, finalement, Ka\u00efs Sa\u00efed [&hellip;]<\/p>\n","protected":false},"author":1789,"featured_media":0,"comment_status":"closed","ping_status":"closed","sticky":false,"template":"","format":"standard","meta":{"fifu_image_url":"","fifu_image_alt":"","footnotes":""},"categories":[73,55],"tags":[],"class_list":["post-133427","post","type-post","status-publish","format-standard","hentry","category-actualite","category-tunisie"],"_links":{"self":[{"href":"https:\/\/linitiative.ca\/International\/wp-json\/wp\/v2\/posts\/133427","targetHints":{"allow":["GET"]}}],"collection":[{"href":"https:\/\/linitiative.ca\/International\/wp-json\/wp\/v2\/posts"}],"about":[{"href":"https:\/\/linitiative.ca\/International\/wp-json\/wp\/v2\/types\/post"}],"author":[{"embeddable":true,"href":"https:\/\/linitiative.ca\/International\/wp-json\/wp\/v2\/users\/1789"}],"replies":[{"embeddable":true,"href":"https:\/\/linitiative.ca\/International\/wp-json\/wp\/v2\/comments?post=133427"}],"version-history":[{"count":0,"href":"https:\/\/linitiative.ca\/International\/wp-json\/wp\/v2\/posts\/133427\/revisions"}],"wp:attachment":[{"href":"https:\/\/linitiative.ca\/International\/wp-json\/wp\/v2\/media?parent=133427"}],"wp:term":[{"taxonomy":"category","embeddable":true,"href":"https:\/\/linitiative.ca\/International\/wp-json\/wp\/v2\/categories?post=133427"},{"taxonomy":"post_tag","embeddable":true,"href":"https:\/\/linitiative.ca\/International\/wp-json\/wp\/v2\/tags?post=133427"}],"curies":[{"name":"wp","href":"https:\/\/api.w.org\/{rel}","templated":true}]}}