{"id":133432,"date":"2021-11-18T18:03:59","date_gmt":"2021-11-18T23:03:59","guid":{"rendered":"https:\/\/linitiative.ca\/International\/urgence-humanitaire-un-plan-de-contingence-2022-2023-elaboree\/"},"modified":"2021-11-18T18:03:59","modified_gmt":"2021-11-18T23:03:59","slug":"urgence-humanitaire-un-plan-de-contingence-2022-2023-elaboree","status":"publish","type":"post","link":"https:\/\/linitiative.ca\/International\/urgence-humanitaire-un-plan-de-contingence-2022-2023-elaboree\/","title":{"rendered":"Urgence humanitaire : Un plan de contingence 2022-2023 \u00e9labor\u00e9e"},"content":{"rendered":"<div>\n<p><strong>La Mairie de Fada N\u2019Gourma en collaboration avec la Coop\u00e9ration Suisse a organis\u00e9 un atelier de formulation du plan de contingence de la commune, du 27 au 29 octobre 2021, \u00e0 Koup\u00e9la. Cette activit\u00e9 s\u2019inscrit dans le cadre de la mise en \u0153uvre du programme d\u00e9centralisation et participation citoyenne. <\/strong><\/p>\n<p>La commune de Fada se pr\u00e9pare \u00e0 r\u00e9pondre efficacement aux urgences humanitaires ou catastrophes naturelles qui viendraient \u00e0 toucher les populations, au cours des deux prochaines ann\u00e9es. Dans cette optique, un atelier de formulation d\u2019un plan de contingence 2022-2023 s\u2019est tenu du 27 au 29 octobre 2021, \u00e0 Koup\u00e9la. Il a r\u00e9uni les mandataires du programme d\u2019appui \u00e0 la d\u00e9centralisation (DEPAC) \u00e0 savoir HELETAS et le Laboratoire Citoyennet\u00e9, les membres de la cellule d\u2019appui DEPAC, et des repr\u00e9sentants de l\u2019administration locale.<\/p>\n<p>Au cours des travaux, les participants ont adopt\u00e9 un document provisoire d\u2019analyse des risques et de r\u00e9ponses aux diff\u00e9rents cas d\u2019urgence humanitaire qui peuvent survenir. Pour ce faire, ils ont r\u00e9pertori\u00e9 les risques qui peuvent survenir dans la commune au cours des deux ann\u00e9es \u00e0 venir, les \u00e9ventuels facteurs d\u00e9clencheurs ainsi que leurs cons\u00e9quences. Les r\u00e9ponses pour r\u00e9duire les effets de crises qui pourraient survenir ont \u00e9galement \u00e9t\u00e9 recens\u00e9es par les acteurs. Le maire de la commune de Fada N\u2019Gourma, Jean Claude Louari, par ailleurs pr\u00e9sident du conseil d\u00e9partemental de secours d\u2019urgence s\u2019est r\u00e9joui de l\u2019\u00e9laboration d\u2019un plan de contingence au profit de la commune.<\/p>\n<p>\u00ab La commune de Fada accueille \u00e9norm\u00e9ment des d\u00e9plac\u00e9s et fait face \u00e0 des situations tr\u00e8s difficiles. Nous avons besoin d\u2019un plan de contingence pour nous permettre de faire face \u00e0 une crise ou une catastrophe, d\u2019avoir des \u00e9l\u00e9ments des r\u00e9ponses pr\u00eats\u00bb, a-t-il indiqu\u00e9. Jean Claude Louari a \u00e9galement r\u00e9it\u00e9r\u00e9 sa gratitude \u00e0 la coop\u00e9ration Suisse pour son<\/p>\n<figure id=\"attachment_42325\" aria-describedby=\"caption-attachment-42325\" style=\"width: 300px\" class=\"wp-caption alignleft\"><img decoding=\"async\" loading=\"lazy\" class=\"size-medium wp-image-42325\" src=\"https:\/\/linitiative.ca\/International\/wp-content\/uploads\/sites\/23\/2021\/11\/qwo-300x170-1.gif\" alt=\"\" width=\"300\" height=\"170\" srcset=\"https:\/\/linitiative.ca\/International\/wp-content\/uploads\/sites\/23\/2021\/11\/qwo-300x170-1.gif 300w, https:\/\/www.sidwaya.info\/wp-content\/uploads\/2021\/11\/qwo-768x435.gif 768w, https:\/\/www.sidwaya.info\/wp-content\/uploads\/2021\/11\/qwo-150x85.gif 150w, https:\/\/www.sidwaya.info\/wp-content\/uploads\/2021\/11\/qwo-696x394.gif 696w, https:\/\/www.sidwaya.info\/wp-content\/uploads\/2021\/11\/qwo-741x420.gif 741w\" sizes=\"auto, (max-width: 300px) 100vw, 300px\"><figcaption id=\"caption-attachment-42325\" class=\"wp-caption-text\">Charg\u00e9e de programme Antenne Est \u00e0 la CADEPAC, Adeline Marie Compaor\u00e9 :\u00ab Nous souhaitons une prise ne compte du plan de contingence dans la budg\u00e9tisation \u00bb.<\/figcaption><\/figure>\n<p>soutien dans la mise en \u0153uvre du programme de d\u00e9centralisa-tion et \u00e0 la participation citoyenne dans la r\u00e9gion du Centre-Est La charg\u00e9e de programme, Antenne Est \u00e0 la cellule d\u2019appui au programme d\u00e9centralisation et appui \u00e0 la participation citoyenne, Adeline Marie Compaor\u00e9, a formul\u00e9 le v\u0153u de voir la commune s\u2019engager totale-ment en faveur des populations vuln\u00e9rables.<\/p>\n<p>\u00ab Nous souhaitons que les autorit\u00e9s de la commune prennent en compte le plan de contingence dans la budg\u00e9tisation. Il s\u2019agit d\u2019encourager et accompa-gner ceux qui sont dans la souffrance \u00e0 pouvoir faire face \u00e0 l\u2019adversit\u00e9, aux risques, \u00e0 la situation s\u00e9curitaire et aux catastrophes naturelles qui peuvent survenir dans les deux prochaines ann\u00e9es \u00bb, a-t-elle insist\u00e9. Le pr\u00e9sident du conseil r\u00e9gional de la jeunesse de l\u2019Est, Fimba, a salu\u00e9 pour sa part le caract\u00e8re holistique du plan de contingence. \u00ab Ce plan prend en compte les personnes d\u00e9plac\u00e9es internes, mais aussi les populations-h\u00f4tes.<\/p>\n<p>Il pr\u00e9voit \u00e9galement des activit\u00e9s g\u00e9n\u00e9ratrices de revenus, l\u2019am\u00e9lioration de la disponibilit\u00e9 de l\u2019eau potable pour toutes les familles. Tous les risques \u00e9ventuels ont \u00e9t\u00e9 pris en compte \u00bb, a-t-il relev\u00e9. Le programme d\u2019appui \u00e0 la D\u00e9centralisation et \u00e0 la Participation citoyenne est un prolongement des appuis de la Coop\u00e9ration suisse dans le domaine de la d\u00e9centralisation au Burkina Faso, entam\u00e9 depuis 2014.<\/p>\n<p>Con\u00e7u pour une dur\u00e9e de 12 ans dont la finalit\u00e9 s\u2019inscrit dans la vision globale qui est de \u00abrendre les communes et les r\u00e9gions capables de fournir de meilleurs services publics, am\u00e9liorant la qualit\u00e9 de vie des hommes et des femmes et facilitant les activit\u00e9s \u00e9conomiques \u00bb. La 2e phase du DEPAC couvre la p\u00e9riode de f\u00e9vrier 2018 \u00e0 f\u00e9vrier 2022. Elle accompagne trente (30) Collectivit\u00e9s territoriales de quatre (04) r\u00e9gions du Burkina Faso : Le Centre-Ouest, l\u2019Est, le Nord et le Sahel.<\/p>\n<p style=\"text-align: right\"><strong>Am\u00e9d\u00e9e W. SILGA <\/strong><\/p>\n<p>L\u2019article <a rel=\"nofollow\" href=\"https:\/\/www.sidwaya.info\/blog\/2021\/11\/18\/urgence-humanitaire-un-plan-de-contingence-2022-2023-elaboree\/\">Urgence humanitaire : Un plan de contingence 2022-2023 \u00e9labor\u00e9e<\/a> est apparu en premier sur <a rel=\"nofollow\" href=\"https:\/\/www.sidwaya.info\/\">Quotidien Sidwaya<\/a>.<\/p>\n<\/div>\n<p>Auteur: JK. Sidwaya<br \/>\n<a href=\"https:\/\/www.sidwaya.info\/blog\/2021\/11\/18\/urgence-humanitaire-un-plan-de-contingence-2022-2023-elaboree\/\">Cliquez ici pour lire l&rsquo;article depuis sa source.<\/a><\/p>\n","protected":false},"excerpt":{"rendered":"<p>La Mairie de Fada N\u2019Gourma en collaboration avec la Coop\u00e9ration Suisse a organis\u00e9 un atelier de formulation du plan de contingence de la commune, du 27 au 29 octobre 2021, \u00e0 Koup\u00e9la. Cette activit\u00e9 s\u2019inscrit dans le cadre de la mise en \u0153uvre du programme d\u00e9centralisation et participation citoyenne. La commune de Fada se pr\u00e9pare [&hellip;]<\/p>\n","protected":false},"author":1816,"featured_media":0,"comment_status":"closed","ping_status":"closed","sticky":false,"template":"","format":"standard","meta":{"fifu_image_url":"https:\/\/www.sidwaya.info\/wp-content\/uploads\/2021\/11\/qwo-300x170.gif","fifu_image_alt":"Urgence humanitaire : Un plan de contingence 2022-2023 \u00e9labor\u00e9e","footnotes":""},"categories":[73,81],"tags":[],"class_list":["post-133432","post","type-post","status-publish","format-standard","hentry","category-actualite","category-burkina-faso"],"_links":{"self":[{"href":"https:\/\/linitiative.ca\/International\/wp-json\/wp\/v2\/posts\/133432","targetHints":{"allow":["GET"]}}],"collection":[{"href":"https:\/\/linitiative.ca\/International\/wp-json\/wp\/v2\/posts"}],"about":[{"href":"https:\/\/linitiative.ca\/International\/wp-json\/wp\/v2\/types\/post"}],"author":[{"embeddable":true,"href":"https:\/\/linitiative.ca\/International\/wp-json\/wp\/v2\/users\/1816"}],"replies":[{"embeddable":true,"href":"https:\/\/linitiative.ca\/International\/wp-json\/wp\/v2\/comments?post=133432"}],"version-history":[{"count":0,"href":"https:\/\/linitiative.ca\/International\/wp-json\/wp\/v2\/posts\/133432\/revisions"}],"wp:attachment":[{"href":"https:\/\/linitiative.ca\/International\/wp-json\/wp\/v2\/media?parent=133432"}],"wp:term":[{"taxonomy":"category","embeddable":true,"href":"https:\/\/linitiative.ca\/International\/wp-json\/wp\/v2\/categories?post=133432"},{"taxonomy":"post_tag","embeddable":true,"href":"https:\/\/linitiative.ca\/International\/wp-json\/wp\/v2\/tags?post=133432"}],"curies":[{"name":"wp","href":"https:\/\/api.w.org\/{rel}","templated":true}]}}