{"id":133444,"date":"2021-11-19T12:18:02","date_gmt":"2021-11-19T17:18:02","guid":{"rendered":"https:\/\/linitiative.ca\/International\/senegal-externalisation-du-financement-des-prets-aux-logements\/"},"modified":"2021-11-19T12:18:02","modified_gmt":"2021-11-19T17:18:02","slug":"senegal-externalisation-du-financement-des-prets-aux-logements","status":"publish","type":"post","link":"https:\/\/linitiative.ca\/International\/senegal-externalisation-du-financement-des-prets-aux-logements\/","title":{"rendered":"S\u00e9n\u00e9gal: externalisation du financement des pr\u00eats aux logements"},"content":{"rendered":"<div>\n<p><img loading=\"lazy\" decoding=\"async\" width=\"3197\" height=\"2553\" src=\"https:\/\/linitiative.ca\/International\/wp-content\/uploads\/sites\/23\/2021\/11\/16373422821519.jpg\" class=\"attachment-post-thumbnail size-post-thumbnail wp-post-image\" alt=\"\" srcset=\"https:\/\/linitiative.ca\/International\/wp-content\/uploads\/sites\/23\/2021\/11\/16373422821519.jpg 3197w, https:\/\/www.journalducameroun.com\/wp-content\/uploads\/2021\/11\/16373422821519-300x240.jpg 300w, https:\/\/www.journalducameroun.com\/wp-content\/uploads\/2021\/11\/16373422821519-768x613.jpg 768w, https:\/\/www.journalducameroun.com\/wp-content\/uploads\/2021\/11\/16373422821519-1024x818.jpg 1024w, https:\/\/www.journalducameroun.com\/wp-content\/uploads\/2021\/11\/16373422821519-551x440.jpg 551w, https:\/\/www.journalducameroun.com\/wp-content\/uploads\/2021\/11\/16373422821519-600x479.jpg 600w\" sizes=\"auto, (max-width: 3197px) 100vw, 3197px\"><\/p>\n<p>Les fonctionnaires s\u00e9n\u00e9galais pourront d\u00e9sormais contracter des dettes sans int\u00e9r\u00eat aupr\u00e8s des banques priv\u00e9es pour b\u00e2tir leur demeure.Apr\u00e8s plusieurs ann\u00e9es de blocage \u00ab pour des raisons budg\u00e9taires \u00bb, les pr\u00eats aux logements commun\u00e9ment appel\u00e9s \u00ab pr\u00eats DMC \u00bb sont de retour.<\/p>\n<p>Le ministre des Finances et du Budget, Abdoulaye Daouda Diallo, et le pr\u00e9sident de l&rsquo;Association des professionnels des banques et \u00e9tablissements financiers du S\u00e9n\u00e9gal (APBEF-S), Mamadou Bocar Sy, ont sign\u00e9, vendredi \u00e0 Dakar, une convention-cadre devant relancer ce dispositif d\u00e9di\u00e9 aux agents de l&rsquo;Etat.<\/p>\n<p>\u00ab L&rsquo;objectif de l&rsquo;externalisation est la r\u00e9sorption, sur une p\u00e9riode de quatre (4) ans, du stock de demandes de pr\u00eats en instance au 31 d\u00e9cembre 2020. Il s&rsquo;agit d&rsquo;une solution alternative consistant \u00e0 faire intervenir les banques partenaires dans la prise en charge des demandes de +pr\u00eats DMC+ \u00bb, a expliqu\u00e9 Abdoulaye Daouda Diallo.<\/p>\n<p>Cette m\u00e9thode, a ajout\u00e9 le ministre, repose sur le m\u00e9canisme de la bonification des int\u00e9r\u00eats qui est une op\u00e9ration par laquelle, l&rsquo;agent de l&rsquo;Etat re\u00e7oit un pr\u00eat \u00e0 taux z\u00e9ro (0) et l&rsquo;Etat prend en charge les int\u00e9r\u00eats appliqu\u00e9s par les banques partenaires.<\/p>\n<p>Ainsi, pour un logement subventionn\u00e9, d&rsquo;une valeur de 12 millions de francs CFA, chaque agent b\u00e9n\u00e9ficiaire de ce programme social n&rsquo;aura \u00e0 \u00ab emprunter que 7 millions pour \u00eatre propri\u00e9taire \u00bb, a indiqu\u00e9 le pr\u00e9sident de l&rsquo;APBF-S et directeur g\u00e9n\u00e9ral de la Banque de l&rsquo;habitat du S\u00e9n\u00e9gal. Selon Mamadou Bocar Sy, le syst\u00e8me de bonification, qui rend le taux d&rsquo;int\u00e9r\u00eat tr\u00e8s bas, permet au fonctionnaire d&rsquo;avoir un pr\u00eat sans frais de dossier.<\/p>\n<p>Partant de l\u00e0, il a exhort\u00e9 les fonctionnaires \u00e0 utiliser ce dispositif exclusivement pour l&rsquo;acc\u00e8s au logement. \u00ab Je demande aux fonctionnaires de profiter du programme de construction de 100.000 logements pour \u00eatre d\u00e9finitivement \u00e0 l&rsquo;abri du besoin d&rsquo;un toit \u00bb, a-t-il dit. Il a par ailleurs invit\u00e9 les dirigeants des banques \u00e0 maintenir la mobilisation pour la r\u00e9ussite du programme social, \u00ab en s&rsquo;alignant sur les conditions de la convention-cadre. \u00bb<\/p>\n<p>L&rsquo;octroi de ces pr\u00eats sans int\u00e9r\u00eat est l&rsquo;une des plus anciennes politiques sociales de l&rsquo;Etat du S\u00e9n\u00e9gal, instaur\u00e9e par un d\u00e9cret (\u2026) du 27 f\u00e9vrier 1964 pour faciliter \u00e0 ses agents l&rsquo;acc\u00e8s au logement, a rappel\u00e9 le ministre Abdoulaye Daouda Diallo lors de la signature de la convention-cadre.<\/p>\n<p>Le cadre r\u00e9glementaire r\u00e9gissant ce d\u00e9cret a connu plusieurs modifications. Celle de 2006 avait permis l&rsquo;augmentation du montant du pr\u00eat pass\u00e9 de deux \u00e0 cinq millions de francs CFA, et la prolongation du d\u00e9lai maximal de remboursement, de cinq \u00e0 sept ans. Quant \u00e0 celle de 2009, elle a autoris\u00e9 l&rsquo;octroi de pr\u00eats sans int\u00e9r\u00eat aux contractuels de l&rsquo;enseignement g\u00e9n\u00e9ral et technique.<\/p>\n<p>A la date du 31 d\u00e9cembre 2020, les dossiers des pr\u00eats DMC en instance \u00e9taient au nombre de 38.000, pour un montant global de 152 milliards de francs CFA, a fait savoir le ministre des Finances et du Budget.<\/p>\n<p>Cet article <a rel=\"nofollow\" href=\"https:\/\/www.journalducameroun.com\/senegal-externalisation-du-financement-des-prets-aux-logements\/\">S\u00e9n\u00e9gal: externalisation du financement des pr\u00eats aux logements<\/a> est apparu en premier sur <a rel=\"nofollow\" href=\"https:\/\/www.journalducameroun.com\/\">Journal du Cameroun<\/a>.<\/p>\n<\/div>\n<p>Auteur: APA News<br \/>\n<a href=\"https:\/\/www.journalducameroun.com\/senegal-externalisation-du-financement-des-prets-aux-logements\/\">Cliquez ici pour lire l&rsquo;article depuis sa source.<\/a><\/p>\n","protected":false},"excerpt":{"rendered":"<p>Les fonctionnaires s\u00e9n\u00e9galais pourront d\u00e9sormais contracter des dettes sans int\u00e9r\u00eat aupr\u00e8s des banques priv\u00e9es pour b\u00e2tir leur demeure.Apr\u00e8s plusieurs ann\u00e9es de blocage \u00ab pour des raisons budg\u00e9taires \u00bb, les pr\u00eats aux logements commun\u00e9ment appel\u00e9s \u00ab pr\u00eats DMC \u00bb sont de retour. Le ministre des Finances et du Budget, Abdoulaye Daouda Diallo, et le pr\u00e9sident de [&hellip;]<\/p>\n","protected":false},"author":1965,"featured_media":0,"comment_status":"closed","ping_status":"closed","sticky":false,"template":"","format":"standard","meta":{"fifu_image_url":"https:\/\/www.journalducameroun.com\/wp-content\/uploads\/2021\/11\/16373422821519.jpg","fifu_image_alt":"S\u00e9n\u00e9gal: externalisation du financement des pr\u00eats aux logements","footnotes":""},"categories":[73,82],"tags":[],"class_list":["post-133444","post","type-post","status-publish","format-standard","hentry","category-actualite","category-cameroun"],"_links":{"self":[{"href":"https:\/\/linitiative.ca\/International\/wp-json\/wp\/v2\/posts\/133444","targetHints":{"allow":["GET"]}}],"collection":[{"href":"https:\/\/linitiative.ca\/International\/wp-json\/wp\/v2\/posts"}],"about":[{"href":"https:\/\/linitiative.ca\/International\/wp-json\/wp\/v2\/types\/post"}],"author":[{"embeddable":true,"href":"https:\/\/linitiative.ca\/International\/wp-json\/wp\/v2\/users\/1965"}],"replies":[{"embeddable":true,"href":"https:\/\/linitiative.ca\/International\/wp-json\/wp\/v2\/comments?post=133444"}],"version-history":[{"count":0,"href":"https:\/\/linitiative.ca\/International\/wp-json\/wp\/v2\/posts\/133444\/revisions"}],"wp:attachment":[{"href":"https:\/\/linitiative.ca\/International\/wp-json\/wp\/v2\/media?parent=133444"}],"wp:term":[{"taxonomy":"category","embeddable":true,"href":"https:\/\/linitiative.ca\/International\/wp-json\/wp\/v2\/categories?post=133444"},{"taxonomy":"post_tag","embeddable":true,"href":"https:\/\/linitiative.ca\/International\/wp-json\/wp\/v2\/tags?post=133444"}],"curies":[{"name":"wp","href":"https:\/\/api.w.org\/{rel}","templated":true}]}}