{"id":133446,"date":"2021-11-19T02:19:24","date_gmt":"2021-11-19T07:19:24","guid":{"rendered":"https:\/\/linitiative.ca\/International\/infrastructures-routieres-integration-des-huissiers-trois-ministres-se-justifient-devant-les-deputes\/"},"modified":"2021-11-19T02:19:24","modified_gmt":"2021-11-19T07:19:24","slug":"infrastructures-routieres-integration-des-huissiers-trois-ministres-se-justifient-devant-les-deputes","status":"publish","type":"post","link":"https:\/\/linitiative.ca\/International\/infrastructures-routieres-integration-des-huissiers-trois-ministres-se-justifient-devant-les-deputes\/","title":{"rendered":"Infrastructures routi\u00e8res, int\u00e9gration des huissiers\u2026 : trois ministres se justifient devant les d\u00e9put\u00e9s"},"content":{"rendered":"<div>\n<p>Initialement au nombre de quatre, ce sont finalement trois membres du gouvernement qui ont r\u00e9pondu aux questions orales des d\u00e9put\u00e9s ce jeudi 18 novembre 2021. Le ministre d\u2019\u00c9tat, ministre de la Justice Garde des Sceaux, Laurent Esso, a ouvert le bal au pupitre pour r\u00e9pondre aux pr\u00e9occupations de Marie Louise Nguenkam, d\u00e9put\u00e9e de l\u2019Union des Mouvements Socialistes (UMS) dans la circonscription du Haut-Nkam (r\u00e9gion du Littoral). \u00ab\u00a0Il m\u2019a \u00e9t\u00e9 donn\u00e9 de constater que les huissiers de justice en attente de charges sont \u00e0 ce jour non seulement les plus malheureux du corps judiciaire, pire, le corps des huissiers de justice en lui-m\u00eame est en voie de disparition\u00a0\u00bb, s\u2019est alarm\u00e9e. Pour \u00e9tayer son argumentaire, la parlementaire, elle-m\u00eame huissier de justice de profession,\u00a0issue \u00ab\u00a0de la derni\u00e8re cuv\u00e9e sortie en l\u2019an 2000\u00a0\u00bb, constate par ailleurs \u00ab\u00a0qu\u2019\u00e0 ce jour, certains Camerounais qui se sont orient\u00e9s vers cette profession ont malheureusement atteint l\u2019\u00e2ge de la retraite (60 ans, ndlr) sans jamais exercer. Beaucoup atteindront cette limite d\u2019\u00e2ge dans la m\u00eame situation, pendant que certains titulaires de charges liquident encore des charges dont les titulaires sont all\u00e9s en retraite\u00a0\u00bb. Marie Louise Nguenkam porte ainsi les revendications de ses camarades rassembl\u00e9s au sein du collectif des Huissiers de justice en attente de charges (Hujadec), dont elle ignore \u00ab\u00a0combien sont entr\u00e9s en stage\u00a0\u00bb depuis cette date. \u00ab\u00a0Pire, quel est le sort de ceux qui, en l\u2019an 2000, n\u2019ont pas r\u00e9ussi \u00e0 l\u2019examen de fin de stage et qui attendent depuis 25 ans comme stagiaires\u00a0?\u00a0\u00bb, interroge-t-elle, soulignant au passage que \u00ab\u00a0l\u2019huissier de justice est un maillon incontournable de la justice\u00a0\u00bb dont la mission essentielle est d\u2019ex\u00e9cuter les d\u00e9cisions de justice.<\/p>\n<p>Invit\u00e9 par le pr\u00e9sident de la chambre basse du Parlement, Cavaye Yegui\u00e9 Djibril, \u00e0 r\u00e9pondre aux interpellations \u00e0 lui adress\u00e9es, le ministre de la Justice a tenu d\u2019embl\u00e9e \u00e0 pr\u00e9ciser que ce corps de m\u00e9tier \u00ab\u00a0est r\u00e9gul\u00e9 dans son fonctionnement par la Chambre nationale des huissiers de justice et agents d\u2019ex\u00e9cution\u00a0\u00bb, non sans citer les textes r\u00e9glementaires qui organisent ladite profession, notamment le d\u00e9cret du 05 novembre 1979, modifi\u00e9 par le d\u00e9cret du 22 f\u00e9vrier 1985.<\/p>\n<p><strong>Hujadec n\u2019est pas connu<\/strong><\/p>\n<p>Pendant sa prise de parole, Laurent Esso n\u2019a pas cach\u00e9 sa g\u00eane en abordant ce sujet. Mais oblig\u00e9 de se plier malgr\u00e9 lui \u00e0 ce jeu de questions\/r\u00e9ponses\u00a0; ce d\u2019autant plus que la Constitution rend le gouvernement responsable devant le Parlement. N\u00e9anmoins, c\u2019est sans m\u00e9nagement qu\u2019il a simplement reni\u00e9 ce collectif. \u00ab\u00a0Pour le minist\u00e8re de la Justice, le collectif d\u00e9nomm\u00e9 Hujadec n\u2019est pas connu. De plus, il n\u2019est pas r\u00e9glementaire parce qu\u2019il n\u2019est pas pr\u00e9vu par le d\u00e9cret que je viens d\u2019\u00e9voquer. Il ne m\u2019appartient donc pas, honorables d\u00e9put\u00e9s, par le biais de la r\u00e9ponse \u00e0 une question orale, de l\u00e9gitimer devant vous, une organisation professionnelle de fait qui, \u00e0 ma connaissance, n\u2019a pas d\u2019existence reconnue par les d\u00e9crets organiques\u00a0\u00bb, a-t-il clarifi\u00e9.<\/p>\n<p>\u00c9voquant un recours contentieux que les concern\u00e9s ont introduit le 26 ao\u00fbt 2021, Laurent Esso s\u2019est m\u00eame montr\u00e9 tr\u00e8s irrit\u00e9 par la d\u00e9marche employ\u00e9e. \u00ab\u00a0Ce collectif, dans le dossier qui a \u00e9t\u00e9 transmis au ministre de la Justice, a eu l\u2019outrecuidance de joindre copies des correspondances que le ministre d\u2019\u00c9tat, Secr\u00e9taire g\u00e9n\u00e9ral \u00e0 la Pr\u00e9sidence de la R\u00e9publique a adress\u00e9es au Garde des Sceaux, sans que l\u2019on sache comment ces correspondances lui sont parvenues et ce, en violation des lois de la R\u00e9publique que vous avez vot\u00e9es vous-m\u00eames ici dans cette auguste Assembl\u00e9e, concernant la d\u00e9tention sans autorisation des copies, des documents administratifs\u00a0\u00bb.<\/p>\n<p>Comme pour trouver une \u00e9chappatoire, le membre du gouvernement s\u2019est faufil\u00e9 dans quelques r\u00e8gles basiques de droit. \u00ab\u00a0Je voudrais seulement dire que le Cameroun est attrait devant une juridiction de droit commun et le dossier a \u00e9t\u00e9 transmis au ministre de la Justice pour d\u00e9fendre les int\u00e9r\u00eats de l\u2019\u00c9tat devant ladite juridiction. Honorables membres de l\u2019Assembl\u00e9e nationale, vous comprendrez donc qu\u2019\u00e9tant en proc\u00e8s, il m\u2019est tr\u00e8s inconfortable de d\u00e9velopper devant le pouvoir l\u00e9gislatif des arguments qui sont r\u00e9serv\u00e9s au pouvoir judiciaire devant lequel le Cameroun est assign\u00e9, simplement parce que, nous le savons tous, il n\u2019est pas d\u2019usage que les proc\u00e9dures judiciaires soient comment\u00e9es devant l\u2019Assembl\u00e9e nationale qui, elle, rel\u00e8ve du pouvoir l\u00e9gislatif par le ministre de la Justice qui lui, appartient au pouvoir ex\u00e9cutif\u00a0\u00bb, a-t-il achev\u00e9.<\/p>\n<p><strong>Fame Ndongo<\/strong><\/p>\n<p>Vis\u00e9 par le d\u00e9put\u00e9 Kum John Nji, \u00e9lu du Rassemblement D\u00e9mocratique du Peuple Camerounais (RDPC) dans la circonscription de la Menchum (r\u00e9gion du Nord-Ouest), le ministre d\u2019Etat ministre de l\u2019Enseignement sup\u00e9rieur (Minesup), Jacques Fame Ndongo, a \u00e9t\u00e9 interpell\u00e9 sur les lenteurs dans la proc\u00e9dure d\u2019authentification des dipl\u00f4mes de base des 1000 enseignants bilingues dont le recrutement a \u00e9t\u00e9 instruit par le chef de l\u2019\u00c9tat en 2017. C\u2019est en p\u00e9dagogue (qu\u2019il est d\u2019ailleurs) que l\u2019int\u00e9ress\u00e9 a articul\u00e9 sa r\u00e9action autour de trois modules \u00e0 savoir \u00ab le probl\u00e8me pos\u00e9, la r\u00e9ponse actuelle \u00e0 ce probl\u00e8me et la strat\u00e9gie adopt\u00e9e par le Minesup pour r\u00e9soudre d\u00e9finitivement, tr\u00e8s rapidement ce probl\u00e8me extr\u00eamement lancinant\u00a0\u00bb, a-t-il postul\u00e9. Globalement, Jacques Fame Ndongo distingue l\u2019authentification des dipl\u00f4mes nationaux de l\u2019authentification des dipl\u00f4mes \u00e9trangers. Pour la premi\u00e8re cat\u00e9gorie, l\u2019authentification rel\u00e8ve conjointement du minist\u00e8re de la Fonction publique et de la R\u00e9forme administrative (Minfopra) et du Minesup. Tandis qu\u2019elle est de la comp\u00e9tence du Minesup qui, au pr\u00e9alable, contacte les \u00ab institutions \u00e9mettrices\u00a0pour qu\u2019elles confirment l\u2019authenticit\u00e9 des dipl\u00f4mes pr\u00e9sent\u00e9s par les usagers \u00bb.<\/p>\n<p><strong>35% du r\u00e9seau routier national et r\u00e9gional est en bon \u00e9tat<\/strong><\/p>\n<p>Lui aussi invit\u00e9 par le m\u00eame parlementaire, Kum John Nji, le ministre des Travaux publics (Mintp), Emmanuel Nganou Djoumessi, dernier \u00e0 monter au pupitre, a sp\u00e9cialement \u00e9t\u00e9 appel\u00e9 \u00e0 clarifier la situation des infrastructures routi\u00e8res dans les r\u00e9gions du Nord-Ouest et du Sud-Ouest, \u00ab\u00a0min\u00e9es par l\u2019ins\u00e9curit\u00e9\u00a0\u00bb.<\/p>\n<p>\u00ab\u00a0Long\u00a010504, 85 Km environ, dont 495,09 Km de chainons de route nationale, 793,87 Km de routes r\u00e9gionales et 90215,89 Km de routes communales\u00a0\u00bb, le r\u00e9seau routier du Nord-Ouest compte \u00e0 ce jour, selon le Mintp, 48,26% de section de route nationale bitum\u00e9e, tout comme 9,3% de routes r\u00e9gionales et 13,20% de routes communales. Cependant, le mauvais \u00e9tat des routes n\u2019est pas exclusif au Nord-Ouest. Sauf que dans cette r\u00e9gion, le probl\u00e8me est aggrav\u00e9 par la crise s\u00e9curitaire. \u00ab\u00a0Depuis 2016, diverses activit\u00e9s visant l\u2019am\u00e9lioration de l\u2019\u00e9tat du r\u00e9seau routier n\u2019ont pas \u00e9t\u00e9 ex\u00e9cut\u00e9es. Ce qui a aggrav\u00e9 la d\u00e9t\u00e9rioration des axes routiers\u00a0\u00bb, justifie Emmanuel Nganou Djoumessi.<\/p>\n<p>Il ne fait plus de doute que le Cameroun a mal \u00e0 ses routes. Car, \u00ab\u00a0seulement 35% du r\u00e9seau routier national et r\u00e9gional est en bon \u00e9tat, malgr\u00e9 les ressources\u00a0mobilis\u00e9es pour les travaux \u00bb, r\u00e9v\u00e8le le ministre. De r\u00e9v\u00e9lations en r\u00e9v\u00e9lations, le membre du gouvernement ajoute qu\u2019\u00ab\u00a0en 2016, 10 contrats n\u2019ont pas pu \u00eatre ex\u00e9cut\u00e9s sur 700 Km de routes programm\u00e9es pour entretien et maintenance pour environ 38 milliards Fcfa, y compris les premiers d\u00e9caissements qu\u2019on devrait op\u00e9r\u00e9s r\u00e9sultant des travaux de l\u2019important axe routier Babadjou-Bamenda\u00a0\u00bb.<\/p>\n<p>Ces manquements ne sont pas sans pertes en termes de ressources tir\u00e9es du Budget d\u2019investissement public (Bip), du Fonds routier et des partenaires techniques et financiers. La preuve, \u00ab en 2018 et 2019, 18 contrats ont \u00e9t\u00e9 pass\u00e9s sur 158,21 Km\u00a0pour environ 6 milliards Fcfa\u00a0\u00bb, a poursuivi le ministre. Ces d\u00e9r\u00e8glements perdurent jusqu\u2019\u00e0 pr\u00e9sent. \u00ab\u00a0En 2020 et 2021, 14 contrats ont \u00e9t\u00e9 pass\u00e9s pour 155,5 Km de routes\u00a0\u00bb.<\/p>\n<p><strong>179 milliards mobilis\u00e9s en cinq ans dans le Nord-Ouest<\/strong><\/p>\n<p>Revenant sur le cas du Nord-Ouest, le ministre apprend que l\u2019\u00c9tat a mobilis\u00e9 sur les cinq derni\u00e8res ann\u00e9es \u00ab\u00a0179,136 milliards Fcfa\u00a0pour les projets\u00a0\u00bb. \u00c0 date, \u00ab\u00a044% du lin\u00e9aire du r\u00e9seau est couvert par des contrats actifs pour des travaux qui ne s\u2019ex\u00e9cutent pas\u00a0\u00bb, d\u00e9clare M. Nganou Djoumessi. Pour cause, l\u2019ins\u00e9curit\u00e9 ambiante et g\u00e9n\u00e9ralis\u00e9e. La situation est quasi intenable au point o\u00f9 \u00ab\u00a0plusieurs entreprises ont abandonn\u00e9 les chantiers, les travaux ou les \u00e9tudes\u00a0\u00bb.<\/p>\n<p>Toutefois, une lueur d\u2019espoir rena\u00eet, compte tenu de l\u2019accalmie progressive observ\u00e9e, gr\u00e2ce au travail des Forces de d\u00e9fense et de s\u00e9curit\u00e9. Ce qui a permis de renouer le dialogue avec les entreprises adjudicataires des parts de march\u00e9 dans cette r\u00e9gion.<\/p>\n<p><strong>Ren\u00e9 Ombala<\/strong><\/p>\n<p>L\u2019article <a rel=\"nofollow\" href=\"https:\/\/ecomatin.net\/infrastructures-routieres-integration-des-huissiers-trois-ministres-se-justifient-devant-les-deputes\/\">Infrastructures routi\u00e8res, int\u00e9gration des huissiers\u2026 : trois ministres se justifient devant les d\u00e9put\u00e9s<\/a> est apparu en premier sur <a rel=\"nofollow\" href=\"https:\/\/ecomatin.net\/\">EcoMatin<\/a>.<\/p>\n<\/div>\n<p>Auteur: EcoMatin<br \/>\n<a href=\"https:\/\/ecomatin.net\/infrastructures-routieres-integration-des-huissiers-trois-ministres-se-justifient-devant-les-deputes\/\">Cliquez ici pour lire l&rsquo;article depuis sa source.<\/a><\/p>\n","protected":false},"excerpt":{"rendered":"<p>Initialement au nombre de quatre, ce sont finalement trois membres du gouvernement qui ont r\u00e9pondu aux questions orales des d\u00e9put\u00e9s ce jeudi 18 novembre 2021. Le ministre d\u2019\u00c9tat, ministre de la Justice Garde des Sceaux, Laurent Esso, a ouvert le bal au pupitre pour r\u00e9pondre aux pr\u00e9occupations de Marie Louise Nguenkam, d\u00e9put\u00e9e de l\u2019Union des [&hellip;]<\/p>\n","protected":false},"author":1969,"featured_media":0,"comment_status":"closed","ping_status":"closed","sticky":false,"template":"","format":"standard","meta":{"fifu_image_url":"","fifu_image_alt":"","footnotes":""},"categories":[82,78],"tags":[],"class_list":["post-133446","post","type-post","status-publish","format-standard","hentry","category-cameroun","category-economie"],"_links":{"self":[{"href":"https:\/\/linitiative.ca\/International\/wp-json\/wp\/v2\/posts\/133446","targetHints":{"allow":["GET"]}}],"collection":[{"href":"https:\/\/linitiative.ca\/International\/wp-json\/wp\/v2\/posts"}],"about":[{"href":"https:\/\/linitiative.ca\/International\/wp-json\/wp\/v2\/types\/post"}],"author":[{"embeddable":true,"href":"https:\/\/linitiative.ca\/International\/wp-json\/wp\/v2\/users\/1969"}],"replies":[{"embeddable":true,"href":"https:\/\/linitiative.ca\/International\/wp-json\/wp\/v2\/comments?post=133446"}],"version-history":[{"count":0,"href":"https:\/\/linitiative.ca\/International\/wp-json\/wp\/v2\/posts\/133446\/revisions"}],"wp:attachment":[{"href":"https:\/\/linitiative.ca\/International\/wp-json\/wp\/v2\/media?parent=133446"}],"wp:term":[{"taxonomy":"category","embeddable":true,"href":"https:\/\/linitiative.ca\/International\/wp-json\/wp\/v2\/categories?post=133446"},{"taxonomy":"post_tag","embeddable":true,"href":"https:\/\/linitiative.ca\/International\/wp-json\/wp\/v2\/tags?post=133446"}],"curies":[{"name":"wp","href":"https:\/\/api.w.org\/{rel}","templated":true}]}}