{"id":133447,"date":"2021-11-19T02:26:52","date_gmt":"2021-11-19T07:26:52","guid":{"rendered":"https:\/\/linitiative.ca\/International\/organisation-de-la-can-2021-le-ministre-des-sports-donne-des-garanties-au-parlement\/"},"modified":"2021-11-19T02:26:52","modified_gmt":"2021-11-19T07:26:52","slug":"organisation-de-la-can-2021-le-ministre-des-sports-donne-des-garanties-au-parlement","status":"publish","type":"post","link":"https:\/\/linitiative.ca\/International\/organisation-de-la-can-2021-le-ministre-des-sports-donne-des-garanties-au-parlement\/","title":{"rendered":"Organisation de la CAN 2021 : le ministre des Sports donne des garanties au Parlement"},"content":{"rendered":"<div>\n<p>\u00ab \u00c0 date, au regard de l\u2019\u00e9tat de nos diff\u00e9rentes infrastructures, le Cameroun est pratiquement pr\u00eat \u00e0 accueillir la comp\u00e9tition continentale, la 3e plus grande comp\u00e9tition sportive au monde, la Can, dans de bonnes conditions entre le 09 janvier et le 06 f\u00e9vrier prochain \u00bb. Ces assurances son de Narcisse Mouelle Kombi, le ministre des Sports et de l\u2019Education physique (Minsep), face \u00e0 la Commission des lois constitutionnelles, des droits de l\u2019homme et des libert\u00e9s, de la justice et du r\u00e8glement, de l\u2019administration. Ce jeudi, 18 novembre 2021 en apr\u00e8s-midi, le patron des Sports \u00e9tait l\u2019invit\u00e9 des membres de ladite commission pour une s\u00e9ance d\u2019information et d\u2019\u00e9changes portant principalement sur l\u2019Accord-cadre sign\u00e9 avec la Conf\u00e9d\u00e9ration africaine de football (Caf) relatif \u00e0 l\u2019organisation de la Coupe d\u2019Afrique des nations (Can) Total Energies 2021 au Cameroun.<\/p>\n<p>Le membre du gouvernement s\u2019est pr\u00e9cis\u00e9ment \u00e9vertu\u00e9 a expliqu\u00e9 la nature et le contenu de ce document qui garantit l\u2019organisation de la comp\u00e9tition au Cameroun. \u00ab Il s\u2019agissait de mettre en \u00e9vidence la n\u00e9cessit\u00e9 et l\u2019utilit\u00e9, la pertinence et la coh\u00e9rence, la consistance et la substance de l\u2019Accord-cadre pour l\u2019accueil et l\u2019organisation de la Can Total Energies, sign\u00e9 le 29 octobre dernier au Palais polyvalent des sports entre, d\u2019une part la partie camerounaise, repr\u00e9sent\u00e9e par le pr\u00e9sident du Cocan et le pr\u00e9sident de la Fecafoot et, d\u2019autre part la Caf qui est propri\u00e9taire du label Can \u00bb, a-t-il d\u00e9clar\u00e9 aux journalistes \u00e0 l\u2019issue de la s\u00e9ance de travail.<\/p>\n<p>Dans ses explications, Narcisse Mouelle Kombi fait savoir que \u00ab cet instrument repr\u00e9sentait la derni\u00e8re \u00e9tape de l\u2019homologation de la qualit\u00e9 et de la capacit\u00e9 du Cameroun en tant que pays organisateur. Il fixe les droits et obligations des diff\u00e9rentes parties \u00bb. Un document \u00ab complexe \u00bb mais \u00ab utile dans la mesure o\u00f9 il s\u2019appuie par exemple sur la n\u00e9cessit\u00e9 pour la partie camerounaise d\u2019\u00eatre conforme, d\u2019\u00eatre fid\u00e8le aux exigences du cahier de charges \u00bb.<\/p>\n<p>Par ailleurs le ministre assure que le pays de Roger Mila, Thomas Nkono, Samuel Eto\u2019o rel\u00e8vera ce d\u00e9fi \u00ab dans le respect du cahier de charges de la comp\u00e9tition sur l\u2019ensemble des six sites, conform\u00e9ment aux hautes prescriptions du pr\u00e9sident de la R\u00e9publique qui instruisent l\u2019organisation dans les meilleures conditions de cette comp\u00e9tition et ceci, dans le cadre des infrastructures sportives, entre autres, de tr\u00e8s grande qualit\u00e9 d\u2019un standard international, mondial \u00bb, a-t-il achev\u00e9.<\/p>\n<p>\u00c0 noter que le pays abritera la 33e \u00e9dition de la Can dans cinq villes pour six stades dont deux dans la capitale Yaound\u00e9 (r\u00e9gion du Centre), un \u00e0 Douala, pareillement \u00e0 Limb\u00e9 (r\u00e9gion du Sud-Ouest), tout comme \u00e0 Garoua (r\u00e9gion du Nord) et \u00e0 Bafoussam (r\u00e9gion de l\u2019Ouest).<\/p>\n<p><strong>Ren\u00e9 Ombala<\/strong><\/p>\n<p>L\u2019article <a rel=\"nofollow\" href=\"https:\/\/ecomatin.net\/organisation-de-la-can-2021-le-ministre-des-sports-donne-des-garanties-au-parlement\/\">Organisation de la CAN 2021 : le ministre des Sports donne des garanties au Parlement<\/a> est apparu en premier sur <a rel=\"nofollow\" href=\"https:\/\/ecomatin.net\/\">EcoMatin<\/a>.<\/p>\n<\/div>\n<p>Auteur: EcoMatin<br \/>\n<a href=\"https:\/\/ecomatin.net\/organisation-de-la-can-2021-le-ministre-des-sports-donne-des-garanties-au-parlement\/\">Cliquez ici pour lire l&rsquo;article depuis sa source.<\/a><\/p>\n","protected":false},"excerpt":{"rendered":"<p>\u00ab \u00c0 date, au regard de l\u2019\u00e9tat de nos diff\u00e9rentes infrastructures, le Cameroun est pratiquement pr\u00eat \u00e0 accueillir la comp\u00e9tition continentale, la 3e plus grande comp\u00e9tition sportive au monde, la Can, dans de bonnes conditions entre le 09 janvier et le 06 f\u00e9vrier prochain \u00bb. Ces assurances son de Narcisse Mouelle Kombi, le ministre des [&hellip;]<\/p>\n","protected":false},"author":1969,"featured_media":0,"comment_status":"closed","ping_status":"closed","sticky":false,"template":"","format":"standard","meta":{"fifu_image_url":"","fifu_image_alt":"","footnotes":""},"categories":[82,78],"tags":[],"class_list":["post-133447","post","type-post","status-publish","format-standard","hentry","category-cameroun","category-economie"],"_links":{"self":[{"href":"https:\/\/linitiative.ca\/International\/wp-json\/wp\/v2\/posts\/133447","targetHints":{"allow":["GET"]}}],"collection":[{"href":"https:\/\/linitiative.ca\/International\/wp-json\/wp\/v2\/posts"}],"about":[{"href":"https:\/\/linitiative.ca\/International\/wp-json\/wp\/v2\/types\/post"}],"author":[{"embeddable":true,"href":"https:\/\/linitiative.ca\/International\/wp-json\/wp\/v2\/users\/1969"}],"replies":[{"embeddable":true,"href":"https:\/\/linitiative.ca\/International\/wp-json\/wp\/v2\/comments?post=133447"}],"version-history":[{"count":0,"href":"https:\/\/linitiative.ca\/International\/wp-json\/wp\/v2\/posts\/133447\/revisions"}],"wp:attachment":[{"href":"https:\/\/linitiative.ca\/International\/wp-json\/wp\/v2\/media?parent=133447"}],"wp:term":[{"taxonomy":"category","embeddable":true,"href":"https:\/\/linitiative.ca\/International\/wp-json\/wp\/v2\/categories?post=133447"},{"taxonomy":"post_tag","embeddable":true,"href":"https:\/\/linitiative.ca\/International\/wp-json\/wp\/v2\/tags?post=133447"}],"curies":[{"name":"wp","href":"https:\/\/api.w.org\/{rel}","templated":true}]}}