{"id":133461,"date":"2021-11-20T10:59:30","date_gmt":"2021-11-20T15:59:30","guid":{"rendered":"https:\/\/linitiative.ca\/International\/formation-acceleree-pour-les-elus-en-regions\/"},"modified":"2021-11-20T10:59:30","modified_gmt":"2021-11-20T15:59:30","slug":"formation-acceleree-pour-les-elus-en-regions","status":"publish","type":"post","link":"https:\/\/linitiative.ca\/International\/formation-acceleree-pour-les-elus-en-regions\/","title":{"rendered":"Formation acc\u00e9l\u00e9r\u00e9e pour les \u00e9lus en r\u00e9gions"},"content":{"rendered":"<div>\n<p><img loading=\"lazy\" decoding=\"async\" width=\"300\" height=\"153\" src=\"https:\/\/linitiative.ca\/International\/wp-content\/uploads\/sites\/23\/2021\/11\/LaftitcommissionparlementMAP1-300x153-1.jpg\" class=\"attachment-medium size-medium wp-post-image\" alt=\"\" srcset=\"https:\/\/linitiative.ca\/International\/wp-content\/uploads\/sites\/23\/2021\/11\/LaftitcommissionparlementMAP1-300x153-1.jpg 300w, https:\/\/aujourdhui.ma\/wp-content\/uploads\/2020\/07\/LaftitcommissionparlementMAP1-274x140.jpg 274w, https:\/\/aujourdhui.ma\/wp-content\/uploads\/2020\/07\/LaftitcommissionparlementMAP1.jpg 746w, https:\/\/aujourdhui.ma\/wp-content\/uploads\/2020\/07\/LaftitcommissionparlementMAP1-165x84.jpg 165w, https:\/\/aujourdhui.ma\/wp-content\/uploads\/2020\/07\/LaftitcommissionparlementMAP1-702x358.jpg 702w\" sizes=\"auto, (max-width: 300px) 100vw, 300px\"><\/p>\n<p>Statut, fonctionnement et attributions des conseils des communes, r\u00e9gime financier des collectivit\u00e9s territoriales, fiscalit\u00e9 locale\u2026<span id=\"more-391839\"><\/span><\/p>\n<p>Une session de formation lanc\u00e9e par le minist\u00e8re de l\u2019int\u00e9rieur (DGCT) pour les pr\u00e9sidents de conseils, membres des conseils pr\u00e9fectoraux, provinciaux et r\u00e9gionaux<\/p>\n<p>\u2013 Elle a d\u00e9marr\u00e9 le 9 novembre et s\u2019ach\u00e8vera le 31 d\u00e9cembre<\/p>\n<\/div>\n<p>Auteur: ALM<br \/>\n<a href=\"https:\/\/aujourdhui.ma\/actualite\/formation-acceleree-pour-les-elus-en-regions\">Cliquez ici pour lire l&rsquo;article depuis sa source.<\/a><\/p>\n","protected":false},"excerpt":{"rendered":"<p>Statut, fonctionnement et attributions des conseils des communes, r\u00e9gime financier des collectivit\u00e9s territoriales, fiscalit\u00e9 locale\u2026 Une session de formation lanc\u00e9e par le minist\u00e8re de l\u2019int\u00e9rieur (DGCT) pour les pr\u00e9sidents de conseils, membres des conseils pr\u00e9fectoraux, provinciaux et r\u00e9gionaux \u2013 Elle a d\u00e9marr\u00e9 le 9 novembre et s\u2019ach\u00e8vera le 31 d\u00e9cembre Auteur: ALM Cliquez ici pour [&hellip;]<\/p>\n","protected":false},"author":1759,"featured_media":0,"comment_status":"closed","ping_status":"closed","sticky":false,"template":"","format":"standard","meta":{"fifu_image_url":"https:\/\/aujourdhui.ma\/wp-content\/uploads\/2020\/07\/LaftitcommissionparlementMAP1-300x153.jpg","fifu_image_alt":"Formation acc\u00e9l\u00e9r\u00e9e pour les \u00e9lus en r\u00e9gions","footnotes":""},"categories":[73,54],"tags":[],"class_list":["post-133461","post","type-post","status-publish","format-standard","hentry","category-actualite","category-maroc"],"_links":{"self":[{"href":"https:\/\/linitiative.ca\/International\/wp-json\/wp\/v2\/posts\/133461","targetHints":{"allow":["GET"]}}],"collection":[{"href":"https:\/\/linitiative.ca\/International\/wp-json\/wp\/v2\/posts"}],"about":[{"href":"https:\/\/linitiative.ca\/International\/wp-json\/wp\/v2\/types\/post"}],"author":[{"embeddable":true,"href":"https:\/\/linitiative.ca\/International\/wp-json\/wp\/v2\/users\/1759"}],"replies":[{"embeddable":true,"href":"https:\/\/linitiative.ca\/International\/wp-json\/wp\/v2\/comments?post=133461"}],"version-history":[{"count":0,"href":"https:\/\/linitiative.ca\/International\/wp-json\/wp\/v2\/posts\/133461\/revisions"}],"wp:attachment":[{"href":"https:\/\/linitiative.ca\/International\/wp-json\/wp\/v2\/media?parent=133461"}],"wp:term":[{"taxonomy":"category","embeddable":true,"href":"https:\/\/linitiative.ca\/International\/wp-json\/wp\/v2\/categories?post=133461"},{"taxonomy":"post_tag","embeddable":true,"href":"https:\/\/linitiative.ca\/International\/wp-json\/wp\/v2\/tags?post=133461"}],"curies":[{"name":"wp","href":"https:\/\/api.w.org\/{rel}","templated":true}]}}