{"id":133499,"date":"2021-11-20T16:50:09","date_gmt":"2021-11-20T21:50:09","guid":{"rendered":"https:\/\/linitiative.ca\/International\/tunisie-bouden-recoit-le-premier-rapport-sur-les-travaux-du-comite-national-de-lutte-contre-le-terrorisme\/"},"modified":"2021-11-20T16:50:09","modified_gmt":"2021-11-20T21:50:09","slug":"tunisie-bouden-recoit-le-premier-rapport-sur-les-travaux-du-comite-national-de-lutte-contre-le-terrorisme","status":"publish","type":"post","link":"https:\/\/linitiative.ca\/International\/tunisie-bouden-recoit-le-premier-rapport-sur-les-travaux-du-comite-national-de-lutte-contre-le-terrorisme\/","title":{"rendered":"Tunisie : Bouden re\u00e7oit le premier rapport sur les travaux du Comit\u00e9 national de lutte contre le terrorisme"},"content":{"rendered":"<div>\n<p>La Cheffe du gouvernement, Najla Bouden a re\u00e7u, aujourd\u2019hui, samedi 20 novembre 2021 \u00e0 la R\u00e9sidence de Carthage, la vice-pr\u00e9sidente du Comit\u00e9 national de lutte contre le terrorisme, Neila Fkih qui lui a pr\u00e9sent\u00e9e le premier rapport sur les travaux de la Comit\u00e9 de 2016 \u00e0 2019. Le rapport comprenait un r\u00e9sum\u00e9 des activit\u00e9s du [\u2026]<\/p>\n<p>L\u2019article <a href=\"https:\/\/www.tunisienumerique.com\/tunisie-bouden-recoit-le-premier-rapport-sur-les-travaux-du-comite-national-de-lutte-contre-le-terrorisme\/\">Tunisie : Bouden re\u00e7oit le premier rapport sur les travaux du Comit\u00e9 national de lutte contre le terrorisme<\/a> est apparu en premier sur <a href=\"https:\/\/www.tunisienumerique.com\/\">Tunisie<\/a>.<\/p>\n<\/div>\n<p>Auteur: rania ben slimane<br \/>\n<a href=\"https:\/\/www.tunisienumerique.com\/tunisie-bouden-recoit-le-premier-rapport-sur-les-travaux-du-comite-national-de-lutte-contre-le-terrorisme\/\">Cliquez ici pour lire l&rsquo;article depuis sa source.<\/a><\/p>\n","protected":false},"excerpt":{"rendered":"<p>La Cheffe du gouvernement, Najla Bouden a re\u00e7u, aujourd\u2019hui, samedi 20 novembre 2021 \u00e0 la R\u00e9sidence de Carthage, la vice-pr\u00e9sidente du Comit\u00e9 national de lutte contre le terrorisme, Neila Fkih qui lui a pr\u00e9sent\u00e9e le premier rapport sur les travaux de la Comit\u00e9 de 2016 \u00e0 2019. Le rapport comprenait un r\u00e9sum\u00e9 des activit\u00e9s du [&hellip;]<\/p>\n","protected":false},"author":1789,"featured_media":0,"comment_status":"closed","ping_status":"closed","sticky":false,"template":"","format":"standard","meta":{"fifu_image_url":"","fifu_image_alt":"","footnotes":""},"categories":[73,55],"tags":[],"class_list":["post-133499","post","type-post","status-publish","format-standard","hentry","category-actualite","category-tunisie"],"_links":{"self":[{"href":"https:\/\/linitiative.ca\/International\/wp-json\/wp\/v2\/posts\/133499","targetHints":{"allow":["GET"]}}],"collection":[{"href":"https:\/\/linitiative.ca\/International\/wp-json\/wp\/v2\/posts"}],"about":[{"href":"https:\/\/linitiative.ca\/International\/wp-json\/wp\/v2\/types\/post"}],"author":[{"embeddable":true,"href":"https:\/\/linitiative.ca\/International\/wp-json\/wp\/v2\/users\/1789"}],"replies":[{"embeddable":true,"href":"https:\/\/linitiative.ca\/International\/wp-json\/wp\/v2\/comments?post=133499"}],"version-history":[{"count":0,"href":"https:\/\/linitiative.ca\/International\/wp-json\/wp\/v2\/posts\/133499\/revisions"}],"wp:attachment":[{"href":"https:\/\/linitiative.ca\/International\/wp-json\/wp\/v2\/media?parent=133499"}],"wp:term":[{"taxonomy":"category","embeddable":true,"href":"https:\/\/linitiative.ca\/International\/wp-json\/wp\/v2\/categories?post=133499"},{"taxonomy":"post_tag","embeddable":true,"href":"https:\/\/linitiative.ca\/International\/wp-json\/wp\/v2\/tags?post=133499"}],"curies":[{"name":"wp","href":"https:\/\/api.w.org\/{rel}","templated":true}]}}