{"id":133500,"date":"2021-11-20T16:58:00","date_gmt":"2021-11-20T21:58:00","guid":{"rendered":"https:\/\/linitiative.ca\/International\/beja-ministre-de-leducation-video-toutes-les-ecoles-seront-approvisionnees-en-eau-potable-avant-fin-fevrier-2022\/"},"modified":"2021-11-20T16:58:00","modified_gmt":"2021-11-20T21:58:00","slug":"beja-ministre-de-leducation-video-toutes-les-ecoles-seront-approvisionnees-en-eau-potable-avant-fin-fevrier-2022","status":"publish","type":"post","link":"https:\/\/linitiative.ca\/International\/beja-ministre-de-leducation-video-toutes-les-ecoles-seront-approvisionnees-en-eau-potable-avant-fin-fevrier-2022\/","title":{"rendered":"B\u00e9ja-Ministre de l\u2019\u00c9ducation VIDEO] : \u00ab Toutes les \u00e9coles seront approvisionn\u00e9es en eau potable avant fin f\u00e9vrier 2022 \u00bb"},"content":{"rendered":"<div>\n<p>Le ministre de l\u2019Education Fethi Sellaouti a indiqu\u00e9 dans une d\u00e9claration au correspondant de Tunisienumerique \u00e0 B\u00e9ja, en marge d\u2019une visite de travail ce samedi matin, 20 novembre 2021 que toutes les \u00e9coles seront approvisionn\u00e9es en eau potable avant fin f\u00e9vrier 2022.<\/p>\n<p>L\u2019article <a href=\"https:\/\/www.tunisienumerique.com\/beja-ministre-de-leducation-video-toutes-les-ecoles-seront-approvisionnees-en-eau-potable-avant-fin-fevrier-2022\/\">B\u00e9ja-Ministre de l\u2019\u00c9ducation VIDEO] : \u00ab Toutes les \u00e9coles seront approvisionn\u00e9es en eau potable avant fin f\u00e9vrier 2022 \u00bb<\/a> est apparu en premier sur <a href=\"https:\/\/www.tunisienumerique.com\/\">Tunisie<\/a>.<\/p>\n<\/div>\n<p>Auteur: rania ben slimane<br \/>\n<a href=\"https:\/\/www.tunisienumerique.com\/beja-ministre-de-leducation-video-toutes-les-ecoles-seront-approvisionnees-en-eau-potable-avant-fin-fevrier-2022\/\">Cliquez ici pour lire l&rsquo;article depuis sa source.<\/a><\/p>\n","protected":false},"excerpt":{"rendered":"<p>Le ministre de l\u2019Education Fethi Sellaouti a indiqu\u00e9 dans une d\u00e9claration au correspondant de Tunisienumerique \u00e0 B\u00e9ja, en marge d\u2019une visite de travail ce samedi matin, 20 novembre 2021 que toutes les \u00e9coles seront approvisionn\u00e9es en eau potable avant fin f\u00e9vrier 2022. L\u2019article B\u00e9ja-Ministre de l\u2019\u00c9ducation VIDEO] : \u00ab Toutes les \u00e9coles seront approvisionn\u00e9es en [&hellip;]<\/p>\n","protected":false},"author":1789,"featured_media":0,"comment_status":"closed","ping_status":"closed","sticky":false,"template":"","format":"standard","meta":{"fifu_image_url":"","fifu_image_alt":"","footnotes":""},"categories":[73,55],"tags":[],"class_list":["post-133500","post","type-post","status-publish","format-standard","hentry","category-actualite","category-tunisie"],"_links":{"self":[{"href":"https:\/\/linitiative.ca\/International\/wp-json\/wp\/v2\/posts\/133500","targetHints":{"allow":["GET"]}}],"collection":[{"href":"https:\/\/linitiative.ca\/International\/wp-json\/wp\/v2\/posts"}],"about":[{"href":"https:\/\/linitiative.ca\/International\/wp-json\/wp\/v2\/types\/post"}],"author":[{"embeddable":true,"href":"https:\/\/linitiative.ca\/International\/wp-json\/wp\/v2\/users\/1789"}],"replies":[{"embeddable":true,"href":"https:\/\/linitiative.ca\/International\/wp-json\/wp\/v2\/comments?post=133500"}],"version-history":[{"count":0,"href":"https:\/\/linitiative.ca\/International\/wp-json\/wp\/v2\/posts\/133500\/revisions"}],"wp:attachment":[{"href":"https:\/\/linitiative.ca\/International\/wp-json\/wp\/v2\/media?parent=133500"}],"wp:term":[{"taxonomy":"category","embeddable":true,"href":"https:\/\/linitiative.ca\/International\/wp-json\/wp\/v2\/categories?post=133500"},{"taxonomy":"post_tag","embeddable":true,"href":"https:\/\/linitiative.ca\/International\/wp-json\/wp\/v2\/tags?post=133500"}],"curies":[{"name":"wp","href":"https:\/\/api.w.org\/{rel}","templated":true}]}}