{"id":133501,"date":"2021-11-20T17:08:50","date_gmt":"2021-11-20T22:08:50","guid":{"rendered":"https:\/\/linitiative.ca\/International\/tunisie-mohamed-fadhel-abdelkefi-elu-president-dafak-tounes\/"},"modified":"2021-11-20T17:08:50","modified_gmt":"2021-11-20T22:08:50","slug":"tunisie-mohamed-fadhel-abdelkefi-elu-president-dafak-tounes","status":"publish","type":"post","link":"https:\/\/linitiative.ca\/International\/tunisie-mohamed-fadhel-abdelkefi-elu-president-dafak-tounes\/","title":{"rendered":"Tunisie : Mohamed Fadhel Abdelkefi \u00e9lu pr\u00e9sident d\u2019Afak Tounes"},"content":{"rendered":"<div>\n<p>Dans le cadre des travaux de la troisi\u00e8me conf\u00e9rence du parti Afak Tounes, \u00ab La Tunisie change d\u2019un trait de plume\u00bb, des \u00e9lections de la pr\u00e9sidence du parti ont \u00e9t\u00e9 organis\u00e9es le samedi 20 novembre 2021 par ses membres. . La victoire a \u00e9t\u00e9 report\u00e9e par le candidat Mohamed Fadhel Abdelkefi avec 74,75% des voix [\u2026]<\/p>\n<p>L\u2019article <a href=\"https:\/\/www.tunisienumerique.com\/tunisie-mohamed-fadhel-abdelkefi-elu-president-dafak-tounes\/\">Tunisie : Mohamed Fadhel Abdelkefi \u00e9lu pr\u00e9sident d\u2019Afak Tounes<\/a> est apparu en premier sur <a href=\"https:\/\/www.tunisienumerique.com\/\">Tunisie<\/a>.<\/p>\n<\/div>\n<p>Auteur: rania ben slimane<br \/>\n<a href=\"https:\/\/www.tunisienumerique.com\/tunisie-mohamed-fadhel-abdelkefi-elu-president-dafak-tounes\/\">Cliquez ici pour lire l&rsquo;article depuis sa source.<\/a><\/p>\n","protected":false},"excerpt":{"rendered":"<p>Dans le cadre des travaux de la troisi\u00e8me conf\u00e9rence du parti Afak Tounes, \u00ab La Tunisie change d\u2019un trait de plume\u00bb, des \u00e9lections de la pr\u00e9sidence du parti ont \u00e9t\u00e9 organis\u00e9es le samedi 20 novembre 2021 par ses membres. . La victoire a \u00e9t\u00e9 report\u00e9e par le candidat Mohamed Fadhel Abdelkefi avec 74,75% des voix [&hellip;]<\/p>\n","protected":false},"author":1789,"featured_media":0,"comment_status":"closed","ping_status":"closed","sticky":false,"template":"","format":"standard","meta":{"fifu_image_url":"","fifu_image_alt":"","footnotes":""},"categories":[73,55],"tags":[],"class_list":["post-133501","post","type-post","status-publish","format-standard","hentry","category-actualite","category-tunisie"],"_links":{"self":[{"href":"https:\/\/linitiative.ca\/International\/wp-json\/wp\/v2\/posts\/133501","targetHints":{"allow":["GET"]}}],"collection":[{"href":"https:\/\/linitiative.ca\/International\/wp-json\/wp\/v2\/posts"}],"about":[{"href":"https:\/\/linitiative.ca\/International\/wp-json\/wp\/v2\/types\/post"}],"author":[{"embeddable":true,"href":"https:\/\/linitiative.ca\/International\/wp-json\/wp\/v2\/users\/1789"}],"replies":[{"embeddable":true,"href":"https:\/\/linitiative.ca\/International\/wp-json\/wp\/v2\/comments?post=133501"}],"version-history":[{"count":0,"href":"https:\/\/linitiative.ca\/International\/wp-json\/wp\/v2\/posts\/133501\/revisions"}],"wp:attachment":[{"href":"https:\/\/linitiative.ca\/International\/wp-json\/wp\/v2\/media?parent=133501"}],"wp:term":[{"taxonomy":"category","embeddable":true,"href":"https:\/\/linitiative.ca\/International\/wp-json\/wp\/v2\/categories?post=133501"},{"taxonomy":"post_tag","embeddable":true,"href":"https:\/\/linitiative.ca\/International\/wp-json\/wp\/v2\/tags?post=133501"}],"curies":[{"name":"wp","href":"https:\/\/api.w.org\/{rel}","templated":true}]}}