{"id":133502,"date":"2021-11-20T17:23:59","date_gmt":"2021-11-20T22:23:59","guid":{"rendered":"https:\/\/linitiative.ca\/International\/mouvement-tounes-al-irada-labrogation-de-la-loi-38-reflete-lindifference-envers-les-chomeurs-diplomes\/"},"modified":"2021-11-20T17:23:59","modified_gmt":"2021-11-20T22:23:59","slug":"mouvement-tounes-al-irada-labrogation-de-la-loi-38-reflete-lindifference-envers-les-chomeurs-diplomes","status":"publish","type":"post","link":"https:\/\/linitiative.ca\/International\/mouvement-tounes-al-irada-labrogation-de-la-loi-38-reflete-lindifference-envers-les-chomeurs-diplomes\/","title":{"rendered":"Mouvement Tounes Al Irada : \u00ab L\u2019abrogation de la loi 38 refl\u00e8te l\u2019indiff\u00e9rence envers les ch\u00f4meurs dipl\u00f4m\u00e9s \u00bb"},"content":{"rendered":"<div>\n<p>Le Mouvement \u00abTounes Al Irada\u00bb a consid\u00e9r\u00e9 dans un communiqu\u00e9 rendu public ce soir, samedi que la d\u00e9cision d\u2019abolir la loi n\u00b038 de l\u2019ann\u00e9e 2020 par le Pr\u00e9sident de la R\u00e9publique, \u00ab est une atteinte flagrante \u00e0 un droit acquis et un d\u00e9ni du droit du groupe concern\u00e9 \u00e0 un travail d\u00e9cent. Il co\u00efncide avec [\u2026]<\/p>\n<p>L\u2019article <a href=\"https:\/\/www.tunisienumerique.com\/mouvement-tounes-al-irada-labrogation-de-la-loi-38-reflete-lindifference-envers-les-chomeurs-diplomes\/\">Mouvement Tounes Al Irada : \u00ab L\u2019abrogation de la loi 38 refl\u00e8te l\u2019indiff\u00e9rence envers les ch\u00f4meurs dipl\u00f4m\u00e9s \u00bb<\/a> est apparu en premier sur <a href=\"https:\/\/www.tunisienumerique.com\/\">Tunisie<\/a>.<\/p>\n<\/div>\n<p>Auteur: rania ben slimane<br \/>\n<a href=\"https:\/\/www.tunisienumerique.com\/mouvement-tounes-al-irada-labrogation-de-la-loi-38-reflete-lindifference-envers-les-chomeurs-diplomes\/\">Cliquez ici pour lire l&rsquo;article depuis sa source.<\/a><\/p>\n","protected":false},"excerpt":{"rendered":"<p>Le Mouvement \u00abTounes Al Irada\u00bb a consid\u00e9r\u00e9 dans un communiqu\u00e9 rendu public ce soir, samedi que la d\u00e9cision d\u2019abolir la loi n\u00b038 de l\u2019ann\u00e9e 2020 par le Pr\u00e9sident de la R\u00e9publique, \u00ab est une atteinte flagrante \u00e0 un droit acquis et un d\u00e9ni du droit du groupe concern\u00e9 \u00e0 un travail d\u00e9cent. Il co\u00efncide avec [&hellip;]<\/p>\n","protected":false},"author":1789,"featured_media":0,"comment_status":"closed","ping_status":"closed","sticky":false,"template":"","format":"standard","meta":{"fifu_image_url":"","fifu_image_alt":"","footnotes":""},"categories":[73,55],"tags":[],"class_list":["post-133502","post","type-post","status-publish","format-standard","hentry","category-actualite","category-tunisie"],"_links":{"self":[{"href":"https:\/\/linitiative.ca\/International\/wp-json\/wp\/v2\/posts\/133502","targetHints":{"allow":["GET"]}}],"collection":[{"href":"https:\/\/linitiative.ca\/International\/wp-json\/wp\/v2\/posts"}],"about":[{"href":"https:\/\/linitiative.ca\/International\/wp-json\/wp\/v2\/types\/post"}],"author":[{"embeddable":true,"href":"https:\/\/linitiative.ca\/International\/wp-json\/wp\/v2\/users\/1789"}],"replies":[{"embeddable":true,"href":"https:\/\/linitiative.ca\/International\/wp-json\/wp\/v2\/comments?post=133502"}],"version-history":[{"count":0,"href":"https:\/\/linitiative.ca\/International\/wp-json\/wp\/v2\/posts\/133502\/revisions"}],"wp:attachment":[{"href":"https:\/\/linitiative.ca\/International\/wp-json\/wp\/v2\/media?parent=133502"}],"wp:term":[{"taxonomy":"category","embeddable":true,"href":"https:\/\/linitiative.ca\/International\/wp-json\/wp\/v2\/categories?post=133502"},{"taxonomy":"post_tag","embeddable":true,"href":"https:\/\/linitiative.ca\/International\/wp-json\/wp\/v2\/tags?post=133502"}],"curies":[{"name":"wp","href":"https:\/\/api.w.org\/{rel}","templated":true}]}}