{"id":133514,"date":"2021-11-20T16:18:02","date_gmt":"2021-11-20T21:18:02","guid":{"rendered":"https:\/\/linitiative.ca\/International\/la-consommation-de-cacao-de-lue-provient-a-70-de-la-cote-divoire\/"},"modified":"2021-11-20T16:18:02","modified_gmt":"2021-11-20T21:18:02","slug":"la-consommation-de-cacao-de-lue-provient-a-70-de-la-cote-divoire","status":"publish","type":"post","link":"https:\/\/linitiative.ca\/International\/la-consommation-de-cacao-de-lue-provient-a-70-de-la-cote-divoire\/","title":{"rendered":"La consommation de cacao de l\u2019UE provient \u00e0 70% de la C\u00f4te d\u2019Ivoire"},"content":{"rendered":"<div>\n<p><img loading=\"lazy\" decoding=\"async\" width=\"800\" height=\"533\" src=\"https:\/\/linitiative.ca\/International\/wp-content\/uploads\/sites\/23\/2021\/11\/16374430827788.jpg\" class=\"attachment-post-thumbnail size-post-thumbnail wp-post-image\" alt=\"\" srcset=\"https:\/\/linitiative.ca\/International\/wp-content\/uploads\/sites\/23\/2021\/11\/16374430827788.jpg 800w, https:\/\/www.journalducameroun.com\/wp-content\/uploads\/2021\/11\/16374430827788-300x200.jpg 300w, https:\/\/www.journalducameroun.com\/wp-content\/uploads\/2021\/11\/16374430827788-768x512.jpg 768w, https:\/\/www.journalducameroun.com\/wp-content\/uploads\/2021\/11\/16374430827788-660x440.jpg 660w, https:\/\/www.journalducameroun.com\/wp-content\/uploads\/2021\/11\/16374430827788-600x400.jpg 600w\" sizes=\"auto, (max-width: 800px) 100vw, 800px\"><\/p>\n<p>La consommation de cacao de l&rsquo;Union europ\u00e9enne (UE) provient \u00e0 70% de la C\u00f4te d&rsquo;Ivoire, premier producteur mondial, selon M. St\u00e9phane Brossard, chef d&rsquo;\u00e9quipe croissance inclusive et durable de la d\u00e9l\u00e9gation de l&rsquo;UE \u00e0 Abidjan.<\/p>\n<p>\u00ab\u00a0Aujourd&rsquo;hui, 70% de la consommation de l&rsquo;Union europ\u00e9enne, c&rsquo;est le cacao de la C\u00f4te d&rsquo;Ivoire\u00a0\u00bb, a indiqu\u00e9 vendredi M. St\u00e9phane Brossard, en marge d&rsquo;un plaidoyer de la Convention de la soci\u00e9t\u00e9 civile ivoirienne (CSCI) sur l&rsquo;Accord de partenariat \u00e9conomique interm\u00e9diaire (APEI).\u00a0<\/p>\n<p>M. St\u00e9phane Brossard a fait observer que gr\u00e2ce \u00e0 cet accord de partenariat \u00e9conomique \u00ab\u00a0le cacao ivoirien est en tr\u00e8s bonne position sur le march\u00e9 europ\u00e9en\u00a0\u00bb. Et ce, parce que le cacao de C\u00f4te d&rsquo;Ivoire ne subit pas de taxe \u00e0 l&rsquo;entr\u00e9e de l&rsquo;UE.<\/p>\n<p>De ce fait, le cacao en provenance de la C\u00f4te d&rsquo;Ivoire est moins cher relativement \u00e0 celui de l&rsquo;\u00c9quateur ou de l&rsquo;Indon\u00e9sie, a fait savoir M. Brossard qui a assur\u00e9 que l&rsquo;UE va accompagner le gouvernement \u00e0 exploiter les opportunit\u00e9s de l&rsquo;APE Interm\u00e9diaire.<\/p>\n<p>\u00ab\u00a0Nous allons continuer nos appuis aupr\u00e8s du gouvernement ivoirien, notamment pour contribuer \u00e0 faire les r\u00e9formes sur la transition fiscale, \u00e0 travailler sur la convergence r\u00e9glementaire, \u00e0 am\u00e9liorer le syst\u00e8me des douanes et faire en sorte que les produits transitent plus rapidement\u00a0\u00bb, a-t-il dit.<\/p>\n<p>Mme Tano Alida, chef projet \u00e0 la CSCI sur le Projet l&rsquo;APE Interm\u00e9diaire, a indiqu\u00e9 que cet accord l\u00e8ve les tarifs douaniers sur un certain nombre de produits. Toutefois, le secteur priv\u00e9 doit \u00eatre inform\u00e9 sur les \u00e9tapes de \u00ab\u00a0d\u00e9mant\u00e8lement\u00a0\u00bb. \u00a0<\/p>\n<p>Le coordonnateur national de la CSCI, M. Mahamadou Kouma, a expliqu\u00e9 que l&rsquo;APEI diff\u00e8re de celui du \u00ab\u00a0Projet APEI\u00a0\u00bb qui est un accord r\u00e9ciproque de libre-\u00e9change sign\u00e9 le 28 novembre 2008 entre la C\u00f4te d&rsquo;Ivoire et l&rsquo;UE.<\/p>\n<p>Cet accord dit interm\u00e9diaire est rentr\u00e9 en vigueur le 3 septembre 2016, en attendant la mise en place de l&rsquo;Accord de partenariat \u00e9conomique r\u00e9gional entre l&rsquo;Afrique de l&rsquo;Ouest et l&rsquo;Union europ\u00e9enne.<\/p>\n<p>Dans ce contexte, l&rsquo;Etat ivoirien s&rsquo;est dot\u00e9 en octobre 2017 d&rsquo;une strat\u00e9gie nationale de mise en oeuvre de cet accord dans l&rsquo;optique de faire la mise en oeuvre de l&rsquo;APE un v\u00e9ritable levier de croissance et de d\u00e9veloppement.<\/p>\n<p>Une r\u00e9cente \u00e9tude men\u00e9e par la soci\u00e9t\u00e9 civile ivoirienne, de f\u00e9vrier 2020 \u00e0 d\u00e9cembre 2020, a r\u00e9v\u00e9l\u00e9 que, \u00ab\u00a0sous la pression de diverses entreprises multinationales de l&rsquo;agrochimie, l&rsquo;UE exporte vers des pays tiers, des pesticides dangereux pour la sant\u00e9\u00a0\u00bb.<\/p>\n<p>\u00ab\u00a0Pour le cas de la C\u00f4te d&rsquo;Ivoire, la Commission europ\u00e9enne a soulign\u00e9 que c&rsquo;\u00e9tait bien souvent le gouvernement ivoirien lui-m\u00eame qui plaidait pour le maintien de ce type d&rsquo;importations\u00a0\u00bb, mentionne la CSCI.<\/p>\n<p>La CSCI invite l&rsquo;Etat ivoirien \u00e0 adopter dans les meilleurs d\u00e9lais une nouvelle strat\u00e9gie nationale APEI op\u00e9rationnelle, car \u00ab\u00a0le manque d&rsquo;op\u00e9rationnalisation de la strat\u00e9gie nationale de l&rsquo;APEI constitue un handicap dans la mise en oeuvre de l&rsquo;accord\u00a0\u00bb.<\/p>\n<p>Elle demande la r\u00e9alisation d&rsquo;ici trois ans d&rsquo;un bilan complet des politiques de lib\u00e9ralisation du commerce men\u00e9es par la C\u00f4te d&rsquo;Ivoire, en int\u00e9grant les effets \u00e9conomiques, sociaux et \u00e9cologiques sur la base d&rsquo;indicateurs globaux et sectoriels.\u00a0<\/p>\n<p>Pour la Convention de la soci\u00e9t\u00e9 civile ivoirienne, il faut \u00e9galement faire des \u00e9tudes de cas sectoriels et d&rsquo;un processus participatif int\u00e9grant notamment les repr\u00e9sentants de l&rsquo;agriculture familiale et des Petites et moyennes industries.\u00a0<\/p>\n<p>La soci\u00e9t\u00e9 civile qui estime que l&rsquo;av\u00e8nement de la crise li\u00e9e \u00e0 la Covid-19 n&rsquo;a pas v\u00e9ritablement permis de cerner suffisamment l&rsquo;impact r\u00e9el de la strat\u00e9gie nationale APE, appelle \u00e0 la prorogation de deux ans suppl\u00e9mentaires la mise en place du projet afin qu&rsquo; elle contribue \u00e0 l&rsquo;adoption et au suivi \u00a0d&rsquo;une nouvelle strat\u00e9gie APEI.\u00a0<\/p>\n<p>Cet article <a rel=\"nofollow\" href=\"https:\/\/www.journalducameroun.com\/la-consommation-de-cacao-de-lue-provient-a-70-de-la-cote-divoire\/\">La consommation de cacao de l\u2019UE provient \u00e0 70% de la C\u00f4te d\u2019Ivoire<\/a> est apparu en premier sur <a rel=\"nofollow\" href=\"https:\/\/www.journalducameroun.com\/\">Journal du Cameroun<\/a>.<\/p>\n<\/div>\n<p>Auteur: APA News<br \/>\n<a href=\"https:\/\/www.journalducameroun.com\/la-consommation-de-cacao-de-lue-provient-a-70-de-la-cote-divoire\/\">Cliquez ici pour lire l&rsquo;article depuis sa source.<\/a><\/p>\n","protected":false},"excerpt":{"rendered":"<p>La consommation de cacao de l&rsquo;Union europ\u00e9enne (UE) provient \u00e0 70% de la C\u00f4te d&rsquo;Ivoire, premier producteur mondial, selon M. St\u00e9phane Brossard, chef d&rsquo;\u00e9quipe croissance inclusive et durable de la d\u00e9l\u00e9gation de l&rsquo;UE \u00e0 Abidjan. \u00ab\u00a0Aujourd&rsquo;hui, 70% de la consommation de l&rsquo;Union europ\u00e9enne, c&rsquo;est le cacao de la C\u00f4te d&rsquo;Ivoire\u00a0\u00bb, a indiqu\u00e9 vendredi M. St\u00e9phane [&hellip;]<\/p>\n","protected":false},"author":1965,"featured_media":0,"comment_status":"closed","ping_status":"closed","sticky":false,"template":"","format":"standard","meta":{"fifu_image_url":"https:\/\/www.journalducameroun.com\/wp-content\/uploads\/2021\/11\/16374430827788.jpg","fifu_image_alt":"La consommation de cacao de l\u2019UE provient \u00e0 70% de la C\u00f4te d\u2019Ivoire","footnotes":""},"categories":[73,82],"tags":[],"class_list":["post-133514","post","type-post","status-publish","format-standard","hentry","category-actualite","category-cameroun"],"_links":{"self":[{"href":"https:\/\/linitiative.ca\/International\/wp-json\/wp\/v2\/posts\/133514","targetHints":{"allow":["GET"]}}],"collection":[{"href":"https:\/\/linitiative.ca\/International\/wp-json\/wp\/v2\/posts"}],"about":[{"href":"https:\/\/linitiative.ca\/International\/wp-json\/wp\/v2\/types\/post"}],"author":[{"embeddable":true,"href":"https:\/\/linitiative.ca\/International\/wp-json\/wp\/v2\/users\/1965"}],"replies":[{"embeddable":true,"href":"https:\/\/linitiative.ca\/International\/wp-json\/wp\/v2\/comments?post=133514"}],"version-history":[{"count":0,"href":"https:\/\/linitiative.ca\/International\/wp-json\/wp\/v2\/posts\/133514\/revisions"}],"wp:attachment":[{"href":"https:\/\/linitiative.ca\/International\/wp-json\/wp\/v2\/media?parent=133514"}],"wp:term":[{"taxonomy":"category","embeddable":true,"href":"https:\/\/linitiative.ca\/International\/wp-json\/wp\/v2\/categories?post=133514"},{"taxonomy":"post_tag","embeddable":true,"href":"https:\/\/linitiative.ca\/International\/wp-json\/wp\/v2\/tags?post=133514"}],"curies":[{"name":"wp","href":"https:\/\/api.w.org\/{rel}","templated":true}]}}