{"id":133533,"date":"2021-11-21T09:17:35","date_gmt":"2021-11-21T14:17:35","guid":{"rendered":"https:\/\/linitiative.ca\/International\/une-hausse-des-prix-de-plus-en-plus-inquietante\/"},"modified":"2021-11-21T09:17:35","modified_gmt":"2021-11-21T14:17:35","slug":"une-hausse-des-prix-de-plus-en-plus-inquietante","status":"publish","type":"post","link":"https:\/\/linitiative.ca\/International\/une-hausse-des-prix-de-plus-en-plus-inquietante\/","title":{"rendered":"Une hausse des prix de plus en plus inqui\u00e9tante"},"content":{"rendered":"<div>\n<p class=\"has-text-align-center has-vivid-red-color has-text-color\"><strong>Produits de premi\u00e8re n\u00e9cessit\u00e9<\/strong><\/p>\n<p class=\"has-text-align-right\"><strong>Karim Ben Amar<\/strong><\/p>\n<p class=\"has-vivid-cyan-blue-color has-text-color\"><strong>Les Marocains se <\/strong><strong>plaignent<\/strong><strong> de la hausse vertigineuse des produits de premi\u00e8re n\u00e9cessit\u00e9. D\u00e8s le mois de septembre, c\u2019est des hausses spectaculaires qui ont \u00e9t\u00e9 enregistr\u00e9es au grand dam des foyers marocains. En d\u2019autre terme, l\u2019indice des prix \u00e0 la consommation a connu une hausse de 0.7%, r\u00e9sultant de la hausse de 1,4% de l\u2019indice des produits alimentaires et de 0,3% de l\u2019indice des produits non alimentaires. Quant \u00e0 l\u2019indicateur d\u2019inflation sous-jacente, il est en hausse de 0,5% sur un mois et de 2,7% sur une ann\u00e9e, d\u2019apr\u00e8s le Haut Commissariat au Plan (HCP).<\/strong><\/p>\n<p>La f\u00e9d\u00e9ration nationale des associations du consommateur fait depuis septembre 2021, un constat alarmant quant \u00e0 la capacit\u00e9 des m\u00e9nages \u00e0 affronter cette hausse vertigineuse g\u00e9n\u00e9ralis\u00e9e. L\u2019indice des prix \u00e0 la consommation a connu, au cours du mois d\u2019octobre 2021, une hausse de 0,7% par rapport au mois pr\u00e9c\u00e9dent. Cette variation est le r\u00e9sultat de la hausse de 1,4% de l\u2019indice des produits alimentaires et de 0,3% de l\u2019indice des produits non alimentaires, d\u2019apr\u00e8s le HCP.<\/p>\n<p>Les hausses des produits alimentaires observ\u00e9es entre septembre et octobre 2021 concernent principalement les \u00abl\u00e9gumes\u00bb avec 4,7%, les \u00abviandes\u00bb avec 2,7%, les \u00abpoissons et fruits de mer\u00bb avec 1,4%, les \u00abhuiles et graisses\u00bb avec 1,0% et le \u00ablait, fromage et \u0153ufs\u00a0\u00bb et \u00abcaf\u00e9, th\u00e9 et cacao\u00bb avec 0,7%.<\/p>\n<p>En revanche, une petite baisse de 0,3% a \u00e9t\u00e9 enregistr\u00e9e pour les \u00abfruits\u00bb. Quant aux produits non alimentaires, la hausse\u00a0 concerne principalement les prix des \u00abcarburants\u00bb\u00a0: 3,2%.<\/p>\n<p>Les hausses les plus importantes de l\u2019indice des prix \u00e0 la consommation ont \u00e9t\u00e9 enregistr\u00e9es \u00e0 Safi avec 2,0%, \u00e0 Kenitra avec 1,6%, \u00e0 B\u00e9ni-Mellal avec 1,5%, \u00e0 Dakhla avec 1,2%, \u00e0 Guelmim avec 1,1%, \u00e0 Casablanca et Al-Hoceima avec 1,0%, \u00e0 Marrakech, Rabat et Mekn\u00e8s avec 0,8%, \u00e0 F\u00e8s, Settat et Errachidia avec 0,6% et \u00e0 Oujda, T\u00e9touan et Tanger avec 0,4%. En revanche, une baisse a \u00e9t\u00e9 enregistr\u00e9e \u00e0 Agadir avec 0,4%.<\/p>\n<p>Compar\u00e9 au m\u00eame mois de l\u2019ann\u00e9e pr\u00e9c\u00e9dente, l\u2019indice des prix \u00e0 la consommation a enregistr\u00e9 une hausse de 1,7% au cours du mois d\u2019octobre 2021 cons\u00e9quence de la hausse de l\u2019indice des produits alimentaires de 1,1% et de celui des produits non alimentaires de 2,2%. Pour les produits non alimentaires, les variations vont d\u2019une baisse de 0,4% dans les \u00abcommunications\u00bb \u00e0 une hausse de 6,2% dans les \u00abtransports\u00bb.<\/p>\n<p>Dans ces conditions, l\u2019indicateur d\u2019inflation sous-jacente, qui exclut les produits \u00e0 prix volatiles et les produits \u00e0 tarifs publics, aurait connu au cours du mois d\u2019octobre 2021 une hausse de 0,5% par rapport au mois de septembre 2021 et de 2,7% par rapport au mois d\u2019octobre 2020.<\/p>\n<p>Pour sa part, la F\u00e9d\u00e9ration nationale des associations du consommateur (FNAC) d\u00e9nonce la hausse fulgurante des prix des produits de premi\u00e8re n\u00e9cessit\u00e9. Selon la FNAC,\u00a0 Cette hausse vertigineuse impact de plein fouet une large frange de la soci\u00e9t\u00e9, appelant ainsi le gouvernement \u00e0 r\u00e9agir.<\/p>\n<p>Dans son communiqu\u00e9, la FNAC d\u00e9plore le manque de r\u00e9activit\u00e9 du gouvernement, appelant par la m\u00eame occasion les professionnels \u00ab\u00a0\u00e0 ne pas profiter de la conjoncture pour tirer davantage de profit\u00a0\u00bb.\u00a0\u00a0\u00a0\u00a0\u00a0\u00a0\u00a0\u00a0<\/p>\n<p>L\u2019article <a rel=\"nofollow\" href=\"http:\/\/albayane.press.ma\/une-hausse-des-prix-de-plus-en-plus-inquietante.html\">Une hausse des prix de plus en plus inqui\u00e9tante<\/a> est apparu en premier sur <a rel=\"nofollow\" href=\"http:\/\/albayane.press.ma\/\">ALBAYANE<\/a>.<\/p>\n<\/div>\n<p>Auteur: M&rsquo;hammed rahal<br \/>\n<a href=\"http:\/\/albayane.press.ma\/une-hausse-des-prix-de-plus-en-plus-inquietante.html\">Cliquez ici pour lire l&rsquo;article depuis sa source.<\/a><\/p>\n","protected":false},"excerpt":{"rendered":"<p>Produits de premi\u00e8re n\u00e9cessit\u00e9 Karim Ben Amar Les Marocains se plaignent de la hausse vertigineuse des produits de premi\u00e8re n\u00e9cessit\u00e9. D\u00e8s le mois de septembre, c\u2019est des hausses spectaculaires qui ont \u00e9t\u00e9 enregistr\u00e9es au grand dam des foyers marocains. En d\u2019autre terme, l\u2019indice des prix \u00e0 la consommation a connu une hausse de 0.7%, r\u00e9sultant [&hellip;]<\/p>\n","protected":false},"author":1760,"featured_media":0,"comment_status":"closed","ping_status":"closed","sticky":false,"template":"","format":"standard","meta":{"fifu_image_url":"","fifu_image_alt":"","footnotes":""},"categories":[73,54],"tags":[],"class_list":["post-133533","post","type-post","status-publish","format-standard","hentry","category-actualite","category-maroc"],"_links":{"self":[{"href":"https:\/\/linitiative.ca\/International\/wp-json\/wp\/v2\/posts\/133533","targetHints":{"allow":["GET"]}}],"collection":[{"href":"https:\/\/linitiative.ca\/International\/wp-json\/wp\/v2\/posts"}],"about":[{"href":"https:\/\/linitiative.ca\/International\/wp-json\/wp\/v2\/types\/post"}],"author":[{"embeddable":true,"href":"https:\/\/linitiative.ca\/International\/wp-json\/wp\/v2\/users\/1760"}],"replies":[{"embeddable":true,"href":"https:\/\/linitiative.ca\/International\/wp-json\/wp\/v2\/comments?post=133533"}],"version-history":[{"count":0,"href":"https:\/\/linitiative.ca\/International\/wp-json\/wp\/v2\/posts\/133533\/revisions"}],"wp:attachment":[{"href":"https:\/\/linitiative.ca\/International\/wp-json\/wp\/v2\/media?parent=133533"}],"wp:term":[{"taxonomy":"category","embeddable":true,"href":"https:\/\/linitiative.ca\/International\/wp-json\/wp\/v2\/categories?post=133533"},{"taxonomy":"post_tag","embeddable":true,"href":"https:\/\/linitiative.ca\/International\/wp-json\/wp\/v2\/tags?post=133533"}],"curies":[{"name":"wp","href":"https:\/\/api.w.org\/{rel}","templated":true}]}}