{"id":133543,"date":"2021-11-21T07:07:39","date_gmt":"2021-11-21T12:07:39","guid":{"rendered":"https:\/\/linitiative.ca\/International\/comite-scientifique-aucun-deces-lie-aux-vaccins-anti-covid-na-ete-enregistre\/"},"modified":"2021-11-21T07:07:39","modified_gmt":"2021-11-21T12:07:39","slug":"comite-scientifique-aucun-deces-lie-aux-vaccins-anti-covid-na-ete-enregistre","status":"publish","type":"post","link":"https:\/\/linitiative.ca\/International\/comite-scientifique-aucun-deces-lie-aux-vaccins-anti-covid-na-ete-enregistre\/","title":{"rendered":"Comit\u00e9 scientifique: Aucun d\u00e9c\u00e8s li\u00e9 aux vaccins anti-Covid n&rsquo;a \u00e9t\u00e9 enregistr\u00e9"},"content":{"rendered":"<div>\n<div class=\"field field-name-body field-type-text-with-summary field-label-hidden\">\n<div class=\"field-items\">\n<div class=\"field-item even\" property=\"content:encoded\">\n<p class=\"rtejustify\">Le Comit\u00e9 scientifique \u00e9largi a appel\u00e9, vendredi dernier \u00e0 Rabat, \u00e0 une adh\u00e9sion massive \u00e0 la campagne nationale de vaccination afin d&rsquo;\u00e9viter toute recrudescence des cas de Covid-19 en hiver. Lors d&rsquo;une rencontre de communication, le comit\u00e9 a soulign\u00e9 la n\u00e9cessit\u00e9 de faire preuve de vigilance pour pr\u00e9venir une \u00e9ventuelle d\u00e9t\u00e9rioration de la situation \u00e9pid\u00e9miologique, mais aussi \u00e0 l&rsquo;\u00e9gard des rumeurs qui circulent au sujet des vaccins.<\/p>\n<\/div>\n<\/div>\n<\/div>\n<\/div>\n<p>Auteur: hgueye<br \/>\n<a href=\"https:\/\/www.leconomiste.com\/flash-infos\/comite-scientifique-aucun-deces-lie-aux-vaccins-anti-covid-n-ete-enregistre\">Cliquez ici pour lire l&rsquo;article depuis sa source.<\/a><\/p>\n","protected":false},"excerpt":{"rendered":"<p>Le Comit\u00e9 scientifique \u00e9largi a appel\u00e9, vendredi dernier \u00e0 Rabat, \u00e0 une adh\u00e9sion massive \u00e0 la campagne nationale de vaccination afin d&rsquo;\u00e9viter toute recrudescence des cas de Covid-19 en hiver. Lors d&rsquo;une rencontre de communication, le comit\u00e9 a soulign\u00e9 la n\u00e9cessit\u00e9 de faire preuve de vigilance pour pr\u00e9venir une \u00e9ventuelle d\u00e9t\u00e9rioration de la situation \u00e9pid\u00e9miologique, [&hellip;]<\/p>\n","protected":false},"author":1763,"featured_media":0,"comment_status":"closed","ping_status":"closed","sticky":false,"template":"","format":"standard","meta":{"fifu_image_url":"","fifu_image_alt":"","footnotes":""},"categories":[78,54],"tags":[],"class_list":["post-133543","post","type-post","status-publish","format-standard","hentry","category-economie","category-maroc"],"_links":{"self":[{"href":"https:\/\/linitiative.ca\/International\/wp-json\/wp\/v2\/posts\/133543","targetHints":{"allow":["GET"]}}],"collection":[{"href":"https:\/\/linitiative.ca\/International\/wp-json\/wp\/v2\/posts"}],"about":[{"href":"https:\/\/linitiative.ca\/International\/wp-json\/wp\/v2\/types\/post"}],"author":[{"embeddable":true,"href":"https:\/\/linitiative.ca\/International\/wp-json\/wp\/v2\/users\/1763"}],"replies":[{"embeddable":true,"href":"https:\/\/linitiative.ca\/International\/wp-json\/wp\/v2\/comments?post=133543"}],"version-history":[{"count":0,"href":"https:\/\/linitiative.ca\/International\/wp-json\/wp\/v2\/posts\/133543\/revisions"}],"wp:attachment":[{"href":"https:\/\/linitiative.ca\/International\/wp-json\/wp\/v2\/media?parent=133543"}],"wp:term":[{"taxonomy":"category","embeddable":true,"href":"https:\/\/linitiative.ca\/International\/wp-json\/wp\/v2\/categories?post=133543"},{"taxonomy":"post_tag","embeddable":true,"href":"https:\/\/linitiative.ca\/International\/wp-json\/wp\/v2\/tags?post=133543"}],"curies":[{"name":"wp","href":"https:\/\/api.w.org\/{rel}","templated":true}]}}