{"id":133580,"date":"2021-11-21T14:30:32","date_gmt":"2021-11-21T19:30:32","guid":{"rendered":"https:\/\/linitiative.ca\/International\/liberation-et-retablissement-du-pm-soudanais\/"},"modified":"2021-11-21T14:30:32","modified_gmt":"2021-11-21T19:30:32","slug":"liberation-et-retablissement-du-pm-soudanais","status":"publish","type":"post","link":"https:\/\/linitiative.ca\/International\/liberation-et-retablissement-du-pm-soudanais\/","title":{"rendered":"LIBERATION ET RETABLISSEMENT DU PM SOUDANAIS"},"content":{"rendered":"<div>\n<p><img decoding=\"async\" width=\"660\" height=\"287\" src=\"https:\/\/linitiative.ca\/International\/wp-content\/uploads\/sites\/23\/2021\/11\/SOUDAN-4.jpg\" class=\"attachment- size- wp-post-image\" alt=\"\" loading=\"lazy\" style=\"float:left; margin:0 15px 15px 0;\" srcset=\"https:\/\/linitiative.ca\/International\/wp-content\/uploads\/sites\/23\/2021\/11\/SOUDAN-4.jpg 660w, https:\/\/lepays.bf\/wp-content\/uploads\/2021\/11\/SOUDAN-4-300x130.jpg 300w\" sizes=\"auto, (max-width: 660px) 100vw, 660px\">Depuis le 25 octobre dernier, date \u00e0 laquelle le g\u00e9n\u00e9ral al Burhane a siffl\u00e9 la fin de la transition politique, en r\u00e9voquant et en embastillant le Premier ministre, Abdallah Hamdok, les marches de contestation ne faiblissent pas. Bilan\u00a0: une quarantaine de tu\u00e9s et plus de cent (100) bless\u00e9s. Rien que le 21 novembre dernier,\u00a0 les \u2026<\/p>\n<p>L\u2019article <a rel=\"nofollow\" href=\"https:\/\/lepays.bf\/liberation-et-retablissement-du-pm-soudanais\/\">LIBERATION ET RETABLISSEMENT DU PM SOUDANAIS<\/a> est apparu en premier sur <a rel=\"nofollow\" href=\"https:\/\/lepays.bf\/\">Editions Le Pays<\/a>.<\/p>\n<\/div>\n<p>Auteur: Editions LEPAYS<br \/>\n<a href=\"https:\/\/lepays.bf\/liberation-et-retablissement-du-pm-soudanais\/\">Cliquez ici pour lire l&rsquo;article depuis sa source.<\/a><\/p>\n","protected":false},"excerpt":{"rendered":"<p>Depuis le 25 octobre dernier, date \u00e0 laquelle le g\u00e9n\u00e9ral al Burhane a siffl\u00e9 la fin de la transition politique, en r\u00e9voquant et en embastillant le Premier ministre, Abdallah Hamdok, les marches de contestation ne faiblissent pas. Bilan\u00a0: une quarantaine de tu\u00e9s et plus de cent (100) bless\u00e9s. Rien que le 21 novembre dernier,\u00a0 les [&hellip;]<\/p>\n","protected":false},"author":1813,"featured_media":0,"comment_status":"closed","ping_status":"closed","sticky":false,"template":"","format":"standard","meta":{"fifu_image_url":"https:\/\/lepays.bf\/wp-content\/uploads\/2021\/11\/SOUDAN-4.jpg","fifu_image_alt":"LIBERATION ET RETABLISSEMENT DU PM SOUDANAIS","footnotes":""},"categories":[73,81],"tags":[],"class_list":["post-133580","post","type-post","status-publish","format-standard","hentry","category-actualite","category-burkina-faso"],"_links":{"self":[{"href":"https:\/\/linitiative.ca\/International\/wp-json\/wp\/v2\/posts\/133580","targetHints":{"allow":["GET"]}}],"collection":[{"href":"https:\/\/linitiative.ca\/International\/wp-json\/wp\/v2\/posts"}],"about":[{"href":"https:\/\/linitiative.ca\/International\/wp-json\/wp\/v2\/types\/post"}],"author":[{"embeddable":true,"href":"https:\/\/linitiative.ca\/International\/wp-json\/wp\/v2\/users\/1813"}],"replies":[{"embeddable":true,"href":"https:\/\/linitiative.ca\/International\/wp-json\/wp\/v2\/comments?post=133580"}],"version-history":[{"count":0,"href":"https:\/\/linitiative.ca\/International\/wp-json\/wp\/v2\/posts\/133580\/revisions"}],"wp:attachment":[{"href":"https:\/\/linitiative.ca\/International\/wp-json\/wp\/v2\/media?parent=133580"}],"wp:term":[{"taxonomy":"category","embeddable":true,"href":"https:\/\/linitiative.ca\/International\/wp-json\/wp\/v2\/categories?post=133580"},{"taxonomy":"post_tag","embeddable":true,"href":"https:\/\/linitiative.ca\/International\/wp-json\/wp\/v2\/tags?post=133580"}],"curies":[{"name":"wp","href":"https:\/\/api.w.org\/{rel}","templated":true}]}}