{"id":133582,"date":"2021-11-21T14:34:17","date_gmt":"2021-11-21T19:34:17","guid":{"rendered":"https:\/\/linitiative.ca\/International\/blocage-dun-convoi-militaire-francais-a-kaya\/"},"modified":"2021-11-21T14:34:17","modified_gmt":"2021-11-21T19:34:17","slug":"blocage-dun-convoi-militaire-francais-a-kaya","status":"publish","type":"post","link":"https:\/\/linitiative.ca\/International\/blocage-dun-convoi-militaire-francais-a-kaya\/","title":{"rendered":"BLOCAGE D\u2019UN CONVOI MILITAIRE FRAN\u00c7AIS A KAYA\u00a0"},"content":{"rendered":"<div>\n<p><img decoding=\"async\" width=\"664\" height=\"447\" src=\"https:\/\/linitiative.ca\/International\/wp-content\/uploads\/sites\/23\/2021\/11\/BF.jpg\" class=\"attachment- size- wp-post-image\" alt=\"\" loading=\"lazy\" style=\"float:left; margin:0 15px 15px 0;\" srcset=\"https:\/\/linitiative.ca\/International\/wp-content\/uploads\/sites\/23\/2021\/11\/BF.jpg 664w, https:\/\/lepays.bf\/wp-content\/uploads\/2021\/11\/BF-300x202.jpg 300w\" sizes=\"auto, (max-width: 664px) 100vw, 664px\">La semaine derni\u00e8re a \u00e9t\u00e9 marqu\u00e9e au Burkina Faso par une s\u00e9rie d\u2019\u00e9v\u00e9nements \u00e0 la fois dramatiques et ahurissants, avec les massacres perp\u00e9tr\u00e9s par des extr\u00e9mistes arm\u00e9s dans plusieurs r\u00e9gions du pays, et par les blocages du convoi de l\u2019arm\u00e9e fran\u00e7aise \u00e0 Bobo-Dioulasso, Ouagadougou et surtout Kaya, par des manifestants ulc\u00e9r\u00e9s par le jeu suppos\u00e9ment \u2026<\/p>\n<p>L\u2019article <a rel=\"nofollow\" href=\"https:\/\/lepays.bf\/blocage-dun-convoi-militaire-francais-a-kaya\/\">BLOCAGE D\u2019UN CONVOI MILITAIRE FRAN\u00c7AIS A KAYA\u00a0<\/a> est apparu en premier sur <a rel=\"nofollow\" href=\"https:\/\/lepays.bf\/\">Editions Le Pays<\/a>.<\/p>\n<\/div>\n<p>Auteur: Editions LEPAYS<br \/>\n<a href=\"https:\/\/lepays.bf\/blocage-dun-convoi-militaire-francais-a-kaya\/\">Cliquez ici pour lire l&rsquo;article depuis sa source.<\/a><\/p>\n","protected":false},"excerpt":{"rendered":"<p>La semaine derni\u00e8re a \u00e9t\u00e9 marqu\u00e9e au Burkina Faso par une s\u00e9rie d\u2019\u00e9v\u00e9nements \u00e0 la fois dramatiques et ahurissants, avec les massacres perp\u00e9tr\u00e9s par des extr\u00e9mistes arm\u00e9s dans plusieurs r\u00e9gions du pays, et par les blocages du convoi de l\u2019arm\u00e9e fran\u00e7aise \u00e0 Bobo-Dioulasso, Ouagadougou et surtout Kaya, par des manifestants ulc\u00e9r\u00e9s par le jeu suppos\u00e9ment [&hellip;]<\/p>\n","protected":false},"author":1813,"featured_media":0,"comment_status":"closed","ping_status":"closed","sticky":false,"template":"","format":"standard","meta":{"fifu_image_url":"https:\/\/lepays.bf\/wp-content\/uploads\/2021\/11\/BF.jpg","fifu_image_alt":"BLOCAGE D\u2019UN CONVOI MILITAIRE FRAN\u00c7AIS A KAYA\u00a0","footnotes":""},"categories":[73,81],"tags":[],"class_list":["post-133582","post","type-post","status-publish","format-standard","hentry","category-actualite","category-burkina-faso"],"_links":{"self":[{"href":"https:\/\/linitiative.ca\/International\/wp-json\/wp\/v2\/posts\/133582","targetHints":{"allow":["GET"]}}],"collection":[{"href":"https:\/\/linitiative.ca\/International\/wp-json\/wp\/v2\/posts"}],"about":[{"href":"https:\/\/linitiative.ca\/International\/wp-json\/wp\/v2\/types\/post"}],"author":[{"embeddable":true,"href":"https:\/\/linitiative.ca\/International\/wp-json\/wp\/v2\/users\/1813"}],"replies":[{"embeddable":true,"href":"https:\/\/linitiative.ca\/International\/wp-json\/wp\/v2\/comments?post=133582"}],"version-history":[{"count":0,"href":"https:\/\/linitiative.ca\/International\/wp-json\/wp\/v2\/posts\/133582\/revisions"}],"wp:attachment":[{"href":"https:\/\/linitiative.ca\/International\/wp-json\/wp\/v2\/media?parent=133582"}],"wp:term":[{"taxonomy":"category","embeddable":true,"href":"https:\/\/linitiative.ca\/International\/wp-json\/wp\/v2\/categories?post=133582"},{"taxonomy":"post_tag","embeddable":true,"href":"https:\/\/linitiative.ca\/International\/wp-json\/wp\/v2\/tags?post=133582"}],"curies":[{"name":"wp","href":"https:\/\/api.w.org\/{rel}","templated":true}]}}