{"id":133592,"date":"2021-11-21T00:18:02","date_gmt":"2021-11-21T05:18:02","guid":{"rendered":"https:\/\/linitiative.ca\/International\/senegal-loffre-locale-pour-relancer-le-tourisme\/"},"modified":"2021-11-21T00:18:02","modified_gmt":"2021-11-21T05:18:02","slug":"senegal-loffre-locale-pour-relancer-le-tourisme","status":"publish","type":"post","link":"https:\/\/linitiative.ca\/International\/senegal-loffre-locale-pour-relancer-le-tourisme\/","title":{"rendered":"S\u00e9n\u00e9gal : l\u2019offre locale pour relancer le tourisme"},"content":{"rendered":"<div>\n<p><img loading=\"lazy\" decoding=\"async\" width=\"225\" height=\"225\" src=\"https:\/\/linitiative.ca\/International\/wp-content\/uploads\/sites\/23\/2021\/11\/16374718829181.jpg\" class=\"attachment-post-thumbnail size-post-thumbnail wp-post-image\" alt=\"\" srcset=\"https:\/\/linitiative.ca\/International\/wp-content\/uploads\/sites\/23\/2021\/11\/16374718829181.jpg 225w, https:\/\/www.journalducameroun.com\/wp-content\/uploads\/2021\/11\/16374718829181-150x150.jpg 150w, https:\/\/www.journalducameroun.com\/wp-content\/uploads\/2021\/11\/16374718829181-60x60.jpg 60w, https:\/\/www.journalducameroun.com\/wp-content\/uploads\/2021\/11\/16374718829181-100x100.jpg 100w\" sizes=\"auto, (max-width: 225px) 100vw, 225px\"><\/p>\n<p>Pour relancer son secteur touristique lourdement affect\u00e9 par la Covid-19, le S\u00e9n\u00e9gal compte d\u00e9velopper les offres destin\u00e9es aux locaux et le partenariat avec les entreprises publiques et priv\u00e9es.\u00c0 cause de la pand\u00e9mie, le secteur du tourisme a subi une crise sans pr\u00e9c\u00e9dent. 2020 a \u00e9t\u00e9 une ann\u00e9e \u00ab z\u00e9ro \u00bb du tourisme, la pire jamais enregistr\u00e9e, selon l&rsquo;Organisation mondiale du tourisme (OMT).<\/p>\n<p>Au S\u00e9n\u00e9gal, le secteur a \u00e9t\u00e9 fortement secou\u00e9 du fait de son caract\u00e8re extraverti. L&rsquo;offre touristique du pays est en effet exclusivement orient\u00e9e vers la client\u00e8le occidentale. Et les mesures coercitives prises pour lutter contre la propagation du virus notamment l&rsquo;arr\u00eat des voyages internationaux ont plong\u00e9 les acteurs de ce secteur dans un d\u00e9sarroi total.<\/p>\n<p>Face \u00e0 cette situation in\u00e9dite, les promoteurs touristiques ont fait recours aux offres locales pour survivre. Et selon le directeur g\u00e9n\u00e9ral de l&rsquo;Agence S\u00e9n\u00e9galaise de Promotion Touristique (ASPT), Pape Mahawa Diouf, \u00ab le tourisme interne a \u00e9t\u00e9 la meilleure alternative pour tout le secteur lorsque la crise sanitaire a plomb\u00e9 l&rsquo;\u00e9conomie mondiale. \u00bb<\/p>\n<p>S&rsquo;exprimant \u00e0 l&rsquo;occasion des \u00ab Rencontres Professionnelles des Acteurs du Tourisme \u00bb, organis\u00e9es ce samedi \u00e0 Dakar, M. Diouf a soulign\u00e9 que le segment domestique a souvent \u00e9t\u00e9 ignor\u00e9, \u00ab mais que cette crise a mis en avant l&rsquo;opportunit\u00e9 et la n\u00e9cessit\u00e9 de se repositionner sur les d\u00e9placements intra-r\u00e9gionaux. \u00bb<\/p>\n<p>\u00ab Le tourisme interne pourra aider notre destination \u00e0 se remettre des impacts \u00e9conomiques de la pand\u00e9mie tout en permettant de sauver des emplois, de prot\u00e9ger les moyens d&rsquo;existence et de retrouver aussi les bienfaits sociaux apport\u00e9s par le tourisme \u00bb, a-t-il d\u00e9clar\u00e9.<\/p>\n<p>Pour ce faire, le DG de l&rsquo;ASPT a invit\u00e9 les promoteurs touristiques \u00e0 diversifier les produits et \u00e0 proposer des prix comp\u00e9titifs tels que les tarifs pour les nationaux et r\u00e9sidents.<\/p>\n<p>Il a par ailleurs soulign\u00e9 la n\u00e9cessit\u00e9 de renforcer le partenariat public-priv\u00e9, en particulier avec le monde de l&rsquo;entreprise, pour d\u00e9velopper le tourisme local. Cela devrait permettre aux industries du tourisme de capter les quelque 4 milliards de FCFA que les S\u00e9n\u00e9galais d\u00e9pensent chaque ann\u00e9e lors de leurs vacances \u00e0 l&rsquo;\u00e9tranger.<\/p>\n<p>Pour y arriver, a-t-il dit, il faut que l&rsquo;offre du pays soit ad\u00e9quate et concurrentielle avec les demandes des entreprises.<\/p>\n<p>Ainsi, \u00ab dans le cadre de l&rsquo;initiative Taamou S\u00e9n\u00e9gal (choisir le S\u00e9n\u00e9gal en langue wolof), nous allons poursuivre ce travail en d\u00e9veloppant des partenariats avec le secteur public et le secteur priv\u00e9 particuli\u00e8rement le monde de l&rsquo;entreprise puisqu&rsquo;il faut que les consommations allant dans les colonies de vacances, les team building, les amicales professionnelles&#8230; se fassent dans notre pays et non \u00e0 l&rsquo;\u00e9tranger \u00bb, a-t-il promis.<\/p>\n<p>Cet article <a rel=\"nofollow\" href=\"https:\/\/www.journalducameroun.com\/senegal-loffre-locale-pour-relancer-le-tourisme\/\">S\u00e9n\u00e9gal : l\u2019offre locale pour relancer le tourisme<\/a> est apparu en premier sur <a rel=\"nofollow\" href=\"https:\/\/www.journalducameroun.com\/\">Journal du Cameroun<\/a>.<\/p>\n<\/div>\n<p>Auteur: APA News<br \/>\n<a href=\"https:\/\/www.journalducameroun.com\/senegal-loffre-locale-pour-relancer-le-tourisme\/\">Cliquez ici pour lire l&rsquo;article depuis sa source.<\/a><\/p>\n","protected":false},"excerpt":{"rendered":"<p>Pour relancer son secteur touristique lourdement affect\u00e9 par la Covid-19, le S\u00e9n\u00e9gal compte d\u00e9velopper les offres destin\u00e9es aux locaux et le partenariat avec les entreprises publiques et priv\u00e9es.\u00c0 cause de la pand\u00e9mie, le secteur du tourisme a subi une crise sans pr\u00e9c\u00e9dent. 2020 a \u00e9t\u00e9 une ann\u00e9e \u00ab z\u00e9ro \u00bb du tourisme, la pire jamais [&hellip;]<\/p>\n","protected":false},"author":1965,"featured_media":0,"comment_status":"closed","ping_status":"closed","sticky":false,"template":"","format":"standard","meta":{"fifu_image_url":"https:\/\/www.journalducameroun.com\/wp-content\/uploads\/2021\/11\/16374718829181.jpg","fifu_image_alt":"S\u00e9n\u00e9gal : l\u2019offre locale pour relancer le tourisme","footnotes":""},"categories":[73,82],"tags":[],"class_list":["post-133592","post","type-post","status-publish","format-standard","hentry","category-actualite","category-cameroun"],"_links":{"self":[{"href":"https:\/\/linitiative.ca\/International\/wp-json\/wp\/v2\/posts\/133592","targetHints":{"allow":["GET"]}}],"collection":[{"href":"https:\/\/linitiative.ca\/International\/wp-json\/wp\/v2\/posts"}],"about":[{"href":"https:\/\/linitiative.ca\/International\/wp-json\/wp\/v2\/types\/post"}],"author":[{"embeddable":true,"href":"https:\/\/linitiative.ca\/International\/wp-json\/wp\/v2\/users\/1965"}],"replies":[{"embeddable":true,"href":"https:\/\/linitiative.ca\/International\/wp-json\/wp\/v2\/comments?post=133592"}],"version-history":[{"count":0,"href":"https:\/\/linitiative.ca\/International\/wp-json\/wp\/v2\/posts\/133592\/revisions"}],"wp:attachment":[{"href":"https:\/\/linitiative.ca\/International\/wp-json\/wp\/v2\/media?parent=133592"}],"wp:term":[{"taxonomy":"category","embeddable":true,"href":"https:\/\/linitiative.ca\/International\/wp-json\/wp\/v2\/categories?post=133592"},{"taxonomy":"post_tag","embeddable":true,"href":"https:\/\/linitiative.ca\/International\/wp-json\/wp\/v2\/tags?post=133592"}],"curies":[{"name":"wp","href":"https:\/\/api.w.org\/{rel}","templated":true}]}}