{"id":133641,"date":"2021-11-22T14:37:00","date_gmt":"2021-11-22T19:37:00","guid":{"rendered":"https:\/\/linitiative.ca\/International\/barca-xavi-met-un-terme-a-la-rumeur-bounedjah\/"},"modified":"2021-11-22T14:37:00","modified_gmt":"2021-11-22T19:37:00","slug":"barca-xavi-met-un-terme-a-la-rumeur-bounedjah","status":"publish","type":"post","link":"https:\/\/linitiative.ca\/International\/barca-xavi-met-un-terme-a-la-rumeur-bounedjah\/","title":{"rendered":"Bar\u00e7a : Xavi met un terme \u00e0 la rumeur Bounedjah"},"content":{"rendered":"<div>Xavi est revenu sur la rumeur qui envoie Bounedjah au Bar\u00e7a<\/div>\n<p>Auteur:<br \/>\n<a href=\"https:\/\/www.lebuteur.com\/article\/detail?titre=barca-xavi-met-un-terme-a-la-rumeur-bounedjah&#038;id=101632\">Cliquez ici pour lire l&rsquo;article depuis sa source.<\/a><\/p>\n","protected":false},"excerpt":{"rendered":"<p>Xavi est revenu sur la rumeur qui envoie Bounedjah au Bar\u00e7a Auteur: Cliquez ici pour lire l&rsquo;article depuis sa source.<\/p>\n","protected":false},"author":1738,"featured_media":0,"comment_status":"closed","ping_status":"closed","sticky":false,"template":"","format":"standard","meta":{"fifu_image_url":"","fifu_image_alt":"","footnotes":""},"categories":[53,75],"tags":[],"class_list":["post-133641","post","type-post","status-publish","format-standard","hentry","category-algerie","category-sport"],"_links":{"self":[{"href":"https:\/\/linitiative.ca\/International\/wp-json\/wp\/v2\/posts\/133641","targetHints":{"allow":["GET"]}}],"collection":[{"href":"https:\/\/linitiative.ca\/International\/wp-json\/wp\/v2\/posts"}],"about":[{"href":"https:\/\/linitiative.ca\/International\/wp-json\/wp\/v2\/types\/post"}],"author":[{"embeddable":true,"href":"https:\/\/linitiative.ca\/International\/wp-json\/wp\/v2\/users\/1738"}],"replies":[{"embeddable":true,"href":"https:\/\/linitiative.ca\/International\/wp-json\/wp\/v2\/comments?post=133641"}],"version-history":[{"count":0,"href":"https:\/\/linitiative.ca\/International\/wp-json\/wp\/v2\/posts\/133641\/revisions"}],"wp:attachment":[{"href":"https:\/\/linitiative.ca\/International\/wp-json\/wp\/v2\/media?parent=133641"}],"wp:term":[{"taxonomy":"category","embeddable":true,"href":"https:\/\/linitiative.ca\/International\/wp-json\/wp\/v2\/categories?post=133641"},{"taxonomy":"post_tag","embeddable":true,"href":"https:\/\/linitiative.ca\/International\/wp-json\/wp\/v2\/tags?post=133641"}],"curies":[{"name":"wp","href":"https:\/\/api.w.org\/{rel}","templated":true}]}}