{"id":133669,"date":"2021-11-22T12:25:37","date_gmt":"2021-11-22T17:25:37","guid":{"rendered":"https:\/\/linitiative.ca\/International\/couverture-des-elections-legislatives-regionales-et-communales-le-constat-de-la-haca\/"},"modified":"2021-11-22T12:25:37","modified_gmt":"2021-11-22T17:25:37","slug":"couverture-des-elections-legislatives-regionales-et-communales-le-constat-de-la-haca","status":"publish","type":"post","link":"https:\/\/linitiative.ca\/International\/couverture-des-elections-legislatives-regionales-et-communales-le-constat-de-la-haca\/","title":{"rendered":"Couverture des \u00e9lections l\u00e9gislatives, r\u00e9gionales et communales. Le constat de la HACA"},"content":{"rendered":"<div><img decoding=\"async\" width=\"768\" height=\"432\" src=\"https:\/\/linitiative.ca\/International\/wp-content\/uploads\/sites\/23\/2021\/11\/Latifa-Akharbach-768x432-MMM.jpg\" class=\"attachment-post-thumbnail size-post-thumbnail wp-post-image\" alt=\"\" loading=\"lazy\" srcset=\"https:\/\/linitiative.ca\/International\/wp-content\/uploads\/sites\/23\/2021\/11\/Latifa-Akharbach-768x432-MMM.jpg 768w, https:\/\/www.challenge.ma\/wp-content\/uploads\/2021\/11\/Latifa-Akharbach-768x432-MMM-300x169.jpg 300w, https:\/\/www.challenge.ma\/wp-content\/uploads\/2021\/11\/Latifa-Akharbach-768x432-MMM-360x203.jpg 360w, https:\/\/www.challenge.ma\/wp-content\/uploads\/2021\/11\/Latifa-Akharbach-768x432-MMM-750x422.jpg 750w\" sizes=\"auto, (max-width: 768px) 100vw, 768px\" itemprop=\"image\">La Haute Autorit\u00e9 de la communication audiovisuelle (HACA) vient tout juste de publier la compilation et la synth\u00e8se de toutes les donn\u00e9es chiffr\u00e9es relatives \u00e0 la couverture des \u00e9lections l\u00e9gislatives, r\u00e9gionales et communales g\u00e9n\u00e9rales du 8 septembre dernier via les services radiophoniques et t\u00e9l\u00e9visuels. Les d\u00e9tails. Un document qui, concr\u00e8tement,<\/div>\n<p>Auteur: challenge<br \/>\n<a href=\"https:\/\/www.challenge.ma\/couverture-des-elections-legislatives-regionales-et-communales-le-constat-de-la-haca-226659\/\">Cliquez ici pour lire l&rsquo;article depuis sa source.<\/a><\/p>\n","protected":false},"excerpt":{"rendered":"<p>La Haute Autorit\u00e9 de la communication audiovisuelle (HACA) vient tout juste de publier la compilation et la synth\u00e8se de toutes les donn\u00e9es chiffr\u00e9es relatives \u00e0 la couverture des \u00e9lections l\u00e9gislatives, r\u00e9gionales et communales g\u00e9n\u00e9rales du 8 septembre dernier via les services radiophoniques et t\u00e9l\u00e9visuels. Les d\u00e9tails. Un document qui, concr\u00e8tement, Auteur: challenge Cliquez ici pour [&hellip;]<\/p>\n","protected":false},"author":1787,"featured_media":0,"comment_status":"closed","ping_status":"closed","sticky":false,"template":"","format":"standard","meta":{"fifu_image_url":"https:\/\/www.challenge.ma\/wp-content\/uploads\/2021\/11\/Latifa-Akharbach-768x432-MMM.jpg","fifu_image_alt":"Couverture des \u00e9lections l\u00e9gislatives, r\u00e9gionales et communales. Le constat de la HACA","footnotes":""},"categories":[78,54],"tags":[],"class_list":["post-133669","post","type-post","status-publish","format-standard","hentry","category-economie","category-maroc"],"_links":{"self":[{"href":"https:\/\/linitiative.ca\/International\/wp-json\/wp\/v2\/posts\/133669","targetHints":{"allow":["GET"]}}],"collection":[{"href":"https:\/\/linitiative.ca\/International\/wp-json\/wp\/v2\/posts"}],"about":[{"href":"https:\/\/linitiative.ca\/International\/wp-json\/wp\/v2\/types\/post"}],"author":[{"embeddable":true,"href":"https:\/\/linitiative.ca\/International\/wp-json\/wp\/v2\/users\/1787"}],"replies":[{"embeddable":true,"href":"https:\/\/linitiative.ca\/International\/wp-json\/wp\/v2\/comments?post=133669"}],"version-history":[{"count":0,"href":"https:\/\/linitiative.ca\/International\/wp-json\/wp\/v2\/posts\/133669\/revisions"}],"wp:attachment":[{"href":"https:\/\/linitiative.ca\/International\/wp-json\/wp\/v2\/media?parent=133669"}],"wp:term":[{"taxonomy":"category","embeddable":true,"href":"https:\/\/linitiative.ca\/International\/wp-json\/wp\/v2\/categories?post=133669"},{"taxonomy":"post_tag","embeddable":true,"href":"https:\/\/linitiative.ca\/International\/wp-json\/wp\/v2\/tags?post=133669"}],"curies":[{"name":"wp","href":"https:\/\/api.w.org\/{rel}","templated":true}]}}