{"id":133671,"date":"2021-11-22T12:40:14","date_gmt":"2021-11-22T17:40:14","guid":{"rendered":"https:\/\/linitiative.ca\/International\/franck-riester-la-france-est-plus-que-jamais-determinee-a-renforcer-ses-partenariats-economiques-avec-le-maroc\/"},"modified":"2021-11-22T12:40:14","modified_gmt":"2021-11-22T17:40:14","slug":"franck-riester-la-france-est-plus-que-jamais-determinee-a-renforcer-ses-partenariats-economiques-avec-le-maroc","status":"publish","type":"post","link":"https:\/\/linitiative.ca\/International\/franck-riester-la-france-est-plus-que-jamais-determinee-a-renforcer-ses-partenariats-economiques-avec-le-maroc\/","title":{"rendered":"Franck Riester : \u00abLa France est plus que jamais d\u00e9termin\u00e9e \u00e0 renforcer ses partenariats \u00e9conomiques avec le Maroc\u00bb"},"content":{"rendered":"<div><img decoding=\"async\" width=\"660\" height=\"330\" src=\"https:\/\/linitiative.ca\/International\/wp-content\/uploads\/sites\/23\/2021\/11\/franck-riester.jpeg\" class=\"attachment-post-thumbnail size-post-thumbnail wp-post-image\" alt=\"\" loading=\"lazy\" srcset=\"https:\/\/linitiative.ca\/International\/wp-content\/uploads\/sites\/23\/2021\/11\/franck-riester.jpeg 660w, https:\/\/www.challenge.ma\/wp-content\/uploads\/2021\/11\/franck-riester-300x150.jpeg 300w, https:\/\/www.challenge.ma\/wp-content\/uploads\/2021\/11\/franck-riester-360x180.jpeg 360w\" sizes=\"auto, (max-width: 660px) 100vw, 660px\" itemprop=\"image\">Selon le ministre d\u00e9l\u00e9gu\u00e9 fran\u00e7ais, en charge du commerce ext\u00e9rieur et de l\u2019attractivit\u00e9, Franck Riester, la France s\u2019engage \u00e0 renforcer ses partenariats \u00e9conomiques avec le Maroc. \u00ab\u00a0Nous souhaitons partager avec les chefs d\u2019entreprises notre ambition commune de d\u00e9velopper les partenariats \u00e9conomiques, les \u00e9changes entre la France et le Maroc, notamment<\/div>\n<p>Auteur: challenge<br \/>\n<a href=\"https:\/\/www.challenge.ma\/franck-riester-la-france-est-plus-que-jamais-determinee-a-renforcer-ses-partenariats-economiques-avec-le-maroc-226674\/\">Cliquez ici pour lire l&rsquo;article depuis sa source.<\/a><\/p>\n","protected":false},"excerpt":{"rendered":"<p>Selon le ministre d\u00e9l\u00e9gu\u00e9 fran\u00e7ais, en charge du commerce ext\u00e9rieur et de l\u2019attractivit\u00e9, Franck Riester, la France s\u2019engage \u00e0 renforcer ses partenariats \u00e9conomiques avec le Maroc. \u00ab\u00a0Nous souhaitons partager avec les chefs d\u2019entreprises notre ambition commune de d\u00e9velopper les partenariats \u00e9conomiques, les \u00e9changes entre la France et le Maroc, notamment Auteur: challenge Cliquez ici pour [&hellip;]<\/p>\n","protected":false},"author":1787,"featured_media":0,"comment_status":"closed","ping_status":"closed","sticky":false,"template":"","format":"standard","meta":{"fifu_image_url":"https:\/\/www.challenge.ma\/wp-content\/uploads\/2021\/11\/franck-riester.jpeg","fifu_image_alt":"Franck Riester : \u00abLa France est plus que jamais d\u00e9termin\u00e9e \u00e0 renforcer ses partenariats \u00e9conomiques avec le Maroc\u00bb","footnotes":""},"categories":[78,54],"tags":[],"class_list":["post-133671","post","type-post","status-publish","format-standard","hentry","category-economie","category-maroc"],"_links":{"self":[{"href":"https:\/\/linitiative.ca\/International\/wp-json\/wp\/v2\/posts\/133671","targetHints":{"allow":["GET"]}}],"collection":[{"href":"https:\/\/linitiative.ca\/International\/wp-json\/wp\/v2\/posts"}],"about":[{"href":"https:\/\/linitiative.ca\/International\/wp-json\/wp\/v2\/types\/post"}],"author":[{"embeddable":true,"href":"https:\/\/linitiative.ca\/International\/wp-json\/wp\/v2\/users\/1787"}],"replies":[{"embeddable":true,"href":"https:\/\/linitiative.ca\/International\/wp-json\/wp\/v2\/comments?post=133671"}],"version-history":[{"count":0,"href":"https:\/\/linitiative.ca\/International\/wp-json\/wp\/v2\/posts\/133671\/revisions"}],"wp:attachment":[{"href":"https:\/\/linitiative.ca\/International\/wp-json\/wp\/v2\/media?parent=133671"}],"wp:term":[{"taxonomy":"category","embeddable":true,"href":"https:\/\/linitiative.ca\/International\/wp-json\/wp\/v2\/categories?post=133671"},{"taxonomy":"post_tag","embeddable":true,"href":"https:\/\/linitiative.ca\/International\/wp-json\/wp\/v2\/tags?post=133671"}],"curies":[{"name":"wp","href":"https:\/\/api.w.org\/{rel}","templated":true}]}}