{"id":133678,"date":"2021-11-22T16:05:58","date_gmt":"2021-11-22T21:05:58","guid":{"rendered":"https:\/\/linitiative.ca\/International\/france-le-premier-ministre-jean-castex-est-positif-au-covid-19\/"},"modified":"2021-11-22T16:05:58","modified_gmt":"2021-11-22T21:05:58","slug":"france-le-premier-ministre-jean-castex-est-positif-au-covid-19","status":"publish","type":"post","link":"https:\/\/linitiative.ca\/International\/france-le-premier-ministre-jean-castex-est-positif-au-covid-19\/","title":{"rendered":"France: Le Premier ministre, Jean Castex est positif au Covid-19"},"content":{"rendered":"<div>\n<p>De retour de sa rencontre avec son homologue Alexander De Croo en Belgique, le chef du gouvernement a appris ce lundi apr\u00e8s-midi, que l\u2019une de ses filles \u00e2g\u00e9e de 11 ans a \u00e9t\u00e9 test\u00e9e positive. \u201cIl a donc effectu\u00e9 imm\u00e9diatement\u00a0un test PCR, qui s\u2019av\u00e8re positif\u201c, a expliqu\u00e9 Matignon.<\/p>\n<p>L\u2019article <a href=\"https:\/\/www.tunisienumerique.com\/france-le-premier-ministre-jean-castex-est-positif-au-covid-19\/\">France: Le Premier ministre, Jean Castex est positif au Covid-19<\/a> est apparu en premier sur <a href=\"https:\/\/www.tunisienumerique.com\/\">Tunisie<\/a>.<\/p>\n<\/div>\n<p>Auteur: rania ben slimane<br \/>\n<a href=\"https:\/\/www.tunisienumerique.com\/france-le-premier-ministre-jean-castex-est-positif-au-covid-19\/\">Cliquez ici pour lire l&rsquo;article depuis sa source.<\/a><\/p>\n","protected":false},"excerpt":{"rendered":"<p>De retour de sa rencontre avec son homologue Alexander De Croo en Belgique, le chef du gouvernement a appris ce lundi apr\u00e8s-midi, que l\u2019une de ses filles \u00e2g\u00e9e de 11 ans a \u00e9t\u00e9 test\u00e9e positive. \u201cIl a donc effectu\u00e9 imm\u00e9diatement\u00a0un test PCR, qui s\u2019av\u00e8re positif\u201c, a expliqu\u00e9 Matignon. L\u2019article France: Le Premier ministre, Jean Castex [&hellip;]<\/p>\n","protected":false},"author":1789,"featured_media":0,"comment_status":"closed","ping_status":"closed","sticky":false,"template":"","format":"standard","meta":{"fifu_image_url":"","fifu_image_alt":"","footnotes":""},"categories":[73,55],"tags":[],"class_list":["post-133678","post","type-post","status-publish","format-standard","hentry","category-actualite","category-tunisie"],"_links":{"self":[{"href":"https:\/\/linitiative.ca\/International\/wp-json\/wp\/v2\/posts\/133678","targetHints":{"allow":["GET"]}}],"collection":[{"href":"https:\/\/linitiative.ca\/International\/wp-json\/wp\/v2\/posts"}],"about":[{"href":"https:\/\/linitiative.ca\/International\/wp-json\/wp\/v2\/types\/post"}],"author":[{"embeddable":true,"href":"https:\/\/linitiative.ca\/International\/wp-json\/wp\/v2\/users\/1789"}],"replies":[{"embeddable":true,"href":"https:\/\/linitiative.ca\/International\/wp-json\/wp\/v2\/comments?post=133678"}],"version-history":[{"count":0,"href":"https:\/\/linitiative.ca\/International\/wp-json\/wp\/v2\/posts\/133678\/revisions"}],"wp:attachment":[{"href":"https:\/\/linitiative.ca\/International\/wp-json\/wp\/v2\/media?parent=133678"}],"wp:term":[{"taxonomy":"category","embeddable":true,"href":"https:\/\/linitiative.ca\/International\/wp-json\/wp\/v2\/categories?post=133678"},{"taxonomy":"post_tag","embeddable":true,"href":"https:\/\/linitiative.ca\/International\/wp-json\/wp\/v2\/tags?post=133678"}],"curies":[{"name":"wp","href":"https:\/\/api.w.org\/{rel}","templated":true}]}}