{"id":133679,"date":"2021-11-22T16:30:20","date_gmt":"2021-11-22T21:30:20","guid":{"rendered":"https:\/\/linitiative.ca\/International\/tunisie-video-reception-de-336-mille-doses-de-vaccins-envoyes-par-les-etats-unis-d-amerique\/"},"modified":"2021-11-22T16:30:20","modified_gmt":"2021-11-22T21:30:20","slug":"tunisie-video-reception-de-336-mille-doses-de-vaccins-envoyes-par-les-etats-unis-d-amerique","status":"publish","type":"post","link":"https:\/\/linitiative.ca\/International\/tunisie-video-reception-de-336-mille-doses-de-vaccins-envoyes-par-les-etats-unis-d-amerique\/","title":{"rendered":"Tunisie [VIDEO] : R\u00e9ception de 336 mille doses de vaccins envoy\u00e9s par les \u00c9tats-Unis d\u2019 Am\u00e9rique"},"content":{"rendered":"<div>\n<p>La Tunisie a re\u00e7u aujourd\u2019hui lundi 22 novembre 2021, 336 mille doses de vaccination anti Covid-19 envoy\u00e9s par les Etats-Unis d\u2019Am\u00e9rique dans le cadre de leur soutien \u00e0 la Tunisie face \u00e0 cette pand\u00e9mie. La Pr\u00e9sidence de la R\u00e9publique a salu\u00e9 , dans un communiqu\u00e9 rendu public sur sa page ce soir, l\u2019\u00e9tendue de l\u2019engagement [\u2026]<\/p>\n<p>L\u2019article <a href=\"https:\/\/www.tunisienumerique.com\/tunisie-video-reception-de-336-mille-doses-de-vaccins-envoyes-par-les-etats-unis-d-amerique\/\">Tunisie [VIDEO] : R\u00e9ception de 336 mille doses de vaccins envoy\u00e9s par les \u00c9tats-Unis d\u2019 Am\u00e9rique<\/a> est apparu en premier sur <a href=\"https:\/\/www.tunisienumerique.com\/\">Tunisie<\/a>.<\/p>\n<\/div>\n<p>Auteur: rania ben slimane<br \/>\n<a href=\"https:\/\/www.tunisienumerique.com\/tunisie-video-reception-de-336-mille-doses-de-vaccins-envoyes-par-les-etats-unis-d-amerique\/\">Cliquez ici pour lire l&rsquo;article depuis sa source.<\/a><\/p>\n","protected":false},"excerpt":{"rendered":"<p>La Tunisie a re\u00e7u aujourd\u2019hui lundi 22 novembre 2021, 336 mille doses de vaccination anti Covid-19 envoy\u00e9s par les Etats-Unis d\u2019Am\u00e9rique dans le cadre de leur soutien \u00e0 la Tunisie face \u00e0 cette pand\u00e9mie. La Pr\u00e9sidence de la R\u00e9publique a salu\u00e9 , dans un communiqu\u00e9 rendu public sur sa page ce soir, l\u2019\u00e9tendue de l\u2019engagement [&hellip;]<\/p>\n","protected":false},"author":1789,"featured_media":0,"comment_status":"closed","ping_status":"closed","sticky":false,"template":"","format":"standard","meta":{"fifu_image_url":"","fifu_image_alt":"","footnotes":""},"categories":[73,55],"tags":[],"class_list":["post-133679","post","type-post","status-publish","format-standard","hentry","category-actualite","category-tunisie"],"_links":{"self":[{"href":"https:\/\/linitiative.ca\/International\/wp-json\/wp\/v2\/posts\/133679","targetHints":{"allow":["GET"]}}],"collection":[{"href":"https:\/\/linitiative.ca\/International\/wp-json\/wp\/v2\/posts"}],"about":[{"href":"https:\/\/linitiative.ca\/International\/wp-json\/wp\/v2\/types\/post"}],"author":[{"embeddable":true,"href":"https:\/\/linitiative.ca\/International\/wp-json\/wp\/v2\/users\/1789"}],"replies":[{"embeddable":true,"href":"https:\/\/linitiative.ca\/International\/wp-json\/wp\/v2\/comments?post=133679"}],"version-history":[{"count":0,"href":"https:\/\/linitiative.ca\/International\/wp-json\/wp\/v2\/posts\/133679\/revisions"}],"wp:attachment":[{"href":"https:\/\/linitiative.ca\/International\/wp-json\/wp\/v2\/media?parent=133679"}],"wp:term":[{"taxonomy":"category","embeddable":true,"href":"https:\/\/linitiative.ca\/International\/wp-json\/wp\/v2\/categories?post=133679"},{"taxonomy":"post_tag","embeddable":true,"href":"https:\/\/linitiative.ca\/International\/wp-json\/wp\/v2\/tags?post=133679"}],"curies":[{"name":"wp","href":"https:\/\/api.w.org\/{rel}","templated":true}]}}