{"id":133682,"date":"2021-11-22T14:51:28","date_gmt":"2021-11-22T19:51:28","guid":{"rendered":"https:\/\/linitiative.ca\/International\/assises-nationales-sur-leducation\/"},"modified":"2021-11-22T14:51:28","modified_gmt":"2021-11-22T19:51:28","slug":"assises-nationales-sur-leducation","status":"publish","type":"post","link":"https:\/\/linitiative.ca\/International\/assises-nationales-sur-leducation\/","title":{"rendered":"ASSISES NATIONALES SUR L\u2019EDUCATION"},"content":{"rendered":"<div>\n<p><img decoding=\"async\" width=\"700\" height=\"494\" src=\"https:\/\/linitiative.ca\/International\/wp-content\/uploads\/sites\/23\/2021\/11\/ASSISES.jpg\" class=\"attachment- size- wp-post-image\" alt=\"\" loading=\"lazy\" style=\"float:left; margin:0 15px 15px 0;\" srcset=\"https:\/\/linitiative.ca\/International\/wp-content\/uploads\/sites\/23\/2021\/11\/ASSISES.jpg 700w, https:\/\/lepays.bf\/wp-content\/uploads\/2021\/11\/ASSISES-300x212.jpg 300w\" sizes=\"auto, (max-width: 700px) 100vw, 700px\">Du 18 au 20 novembre 2021, se sont tenues \u00e0 Ouagadougou, les assises nationales sur l\u2019\u00e9ducation. Douze th\u00e9matiques ont \u00e9t\u00e9 abord\u00e9es au cours des travaux. L\u2019on peut citer, entre autres, le bilan de la mise en \u0153uvre du protocole d\u2019accord Etat-mouvement syndical, la question de la dynamisation de l\u2019enseignement technique et professionnel et la promotion \u2026<\/p>\n<p>L\u2019article <a rel=\"nofollow\" href=\"https:\/\/lepays.bf\/assises-nationales-sur-leducation\/\">ASSISES NATIONALES SUR L\u2019EDUCATION<\/a> est apparu en premier sur <a rel=\"nofollow\" href=\"https:\/\/lepays.bf\/\">Editions Le Pays<\/a>.<\/p>\n<\/div>\n<p>Auteur: Editions LEPAYS<br \/>\n<a href=\"https:\/\/lepays.bf\/assises-nationales-sur-leducation\/\">Cliquez ici pour lire l&rsquo;article depuis sa source.<\/a><\/p>\n","protected":false},"excerpt":{"rendered":"<p>Du 18 au 20 novembre 2021, se sont tenues \u00e0 Ouagadougou, les assises nationales sur l\u2019\u00e9ducation. Douze th\u00e9matiques ont \u00e9t\u00e9 abord\u00e9es au cours des travaux. L\u2019on peut citer, entre autres, le bilan de la mise en \u0153uvre du protocole d\u2019accord Etat-mouvement syndical, la question de la dynamisation de l\u2019enseignement technique et professionnel et la promotion [&hellip;]<\/p>\n","protected":false},"author":1813,"featured_media":0,"comment_status":"closed","ping_status":"closed","sticky":false,"template":"","format":"standard","meta":{"fifu_image_url":"https:\/\/lepays.bf\/wp-content\/uploads\/2021\/11\/ASSISES.jpg","fifu_image_alt":"ASSISES NATIONALES SUR L\u2019EDUCATION","footnotes":""},"categories":[73,81],"tags":[],"class_list":["post-133682","post","type-post","status-publish","format-standard","hentry","category-actualite","category-burkina-faso"],"_links":{"self":[{"href":"https:\/\/linitiative.ca\/International\/wp-json\/wp\/v2\/posts\/133682","targetHints":{"allow":["GET"]}}],"collection":[{"href":"https:\/\/linitiative.ca\/International\/wp-json\/wp\/v2\/posts"}],"about":[{"href":"https:\/\/linitiative.ca\/International\/wp-json\/wp\/v2\/types\/post"}],"author":[{"embeddable":true,"href":"https:\/\/linitiative.ca\/International\/wp-json\/wp\/v2\/users\/1813"}],"replies":[{"embeddable":true,"href":"https:\/\/linitiative.ca\/International\/wp-json\/wp\/v2\/comments?post=133682"}],"version-history":[{"count":0,"href":"https:\/\/linitiative.ca\/International\/wp-json\/wp\/v2\/posts\/133682\/revisions"}],"wp:attachment":[{"href":"https:\/\/linitiative.ca\/International\/wp-json\/wp\/v2\/media?parent=133682"}],"wp:term":[{"taxonomy":"category","embeddable":true,"href":"https:\/\/linitiative.ca\/International\/wp-json\/wp\/v2\/categories?post=133682"},{"taxonomy":"post_tag","embeddable":true,"href":"https:\/\/linitiative.ca\/International\/wp-json\/wp\/v2\/tags?post=133682"}],"curies":[{"name":"wp","href":"https:\/\/api.w.org\/{rel}","templated":true}]}}