{"id":133684,"date":"2021-11-22T14:54:56","date_gmt":"2021-11-22T19:54:56","guid":{"rendered":"https:\/\/linitiative.ca\/International\/transition-au-soudan\/"},"modified":"2021-11-22T14:54:56","modified_gmt":"2021-11-22T19:54:56","slug":"transition-au-soudan","status":"publish","type":"post","link":"https:\/\/linitiative.ca\/International\/transition-au-soudan\/","title":{"rendered":"TRANSITION AU SOUDAN"},"content":{"rendered":"<div>\n<p><img decoding=\"async\" width=\"660\" height=\"287\" src=\"https:\/\/linitiative.ca\/International\/wp-content\/uploads\/sites\/23\/2021\/11\/SOUDAN-5.jpg\" class=\"attachment- size- wp-post-image\" alt=\"\" loading=\"lazy\" style=\"float:left; margin:0 15px 15px 0;\" srcset=\"https:\/\/linitiative.ca\/International\/wp-content\/uploads\/sites\/23\/2021\/11\/SOUDAN-5.jpg 660w, https:\/\/lepays.bf\/wp-content\/uploads\/2021\/11\/SOUDAN-5-300x130.jpg 300w\" sizes=\"auto, (max-width: 660px) 100vw, 660px\">A la suite d\u2019un accord pass\u00e9 avec le g\u00e9n\u00e9ral al-Burhan et dont les contours restent encore bien flous, le Premier ministre soudanais, Abdallah Hamdock, a \u00e9t\u00e9 r\u00e9tabli dans ses fonctions de chef du gouvernement, le 21 novembre dernier. De l\u00e0 \u00e0 se demander si la transition soudanaise est \u00e0 nouveau sur de bons rails, il \u2026<\/p>\n<p>L\u2019article <a rel=\"nofollow\" href=\"https:\/\/lepays.bf\/transition-au-soudan\/\">TRANSITION AU SOUDAN<\/a> est apparu en premier sur <a rel=\"nofollow\" href=\"https:\/\/lepays.bf\/\">Editions Le Pays<\/a>.<\/p>\n<\/div>\n<p>Auteur: Editions LEPAYS<br \/>\n<a href=\"https:\/\/lepays.bf\/transition-au-soudan\/\">Cliquez ici pour lire l&rsquo;article depuis sa source.<\/a><\/p>\n","protected":false},"excerpt":{"rendered":"<p>A la suite d\u2019un accord pass\u00e9 avec le g\u00e9n\u00e9ral al-Burhan et dont les contours restent encore bien flous, le Premier ministre soudanais, Abdallah Hamdock, a \u00e9t\u00e9 r\u00e9tabli dans ses fonctions de chef du gouvernement, le 21 novembre dernier. De l\u00e0 \u00e0 se demander si la transition soudanaise est \u00e0 nouveau sur de bons rails, il [&hellip;]<\/p>\n","protected":false},"author":1813,"featured_media":0,"comment_status":"closed","ping_status":"closed","sticky":false,"template":"","format":"standard","meta":{"fifu_image_url":"https:\/\/lepays.bf\/wp-content\/uploads\/2021\/11\/SOUDAN-5.jpg","fifu_image_alt":"TRANSITION AU SOUDAN","footnotes":""},"categories":[73,81],"tags":[],"class_list":["post-133684","post","type-post","status-publish","format-standard","hentry","category-actualite","category-burkina-faso"],"_links":{"self":[{"href":"https:\/\/linitiative.ca\/International\/wp-json\/wp\/v2\/posts\/133684","targetHints":{"allow":["GET"]}}],"collection":[{"href":"https:\/\/linitiative.ca\/International\/wp-json\/wp\/v2\/posts"}],"about":[{"href":"https:\/\/linitiative.ca\/International\/wp-json\/wp\/v2\/types\/post"}],"author":[{"embeddable":true,"href":"https:\/\/linitiative.ca\/International\/wp-json\/wp\/v2\/users\/1813"}],"replies":[{"embeddable":true,"href":"https:\/\/linitiative.ca\/International\/wp-json\/wp\/v2\/comments?post=133684"}],"version-history":[{"count":0,"href":"https:\/\/linitiative.ca\/International\/wp-json\/wp\/v2\/posts\/133684\/revisions"}],"wp:attachment":[{"href":"https:\/\/linitiative.ca\/International\/wp-json\/wp\/v2\/media?parent=133684"}],"wp:term":[{"taxonomy":"category","embeddable":true,"href":"https:\/\/linitiative.ca\/International\/wp-json\/wp\/v2\/categories?post=133684"},{"taxonomy":"post_tag","embeddable":true,"href":"https:\/\/linitiative.ca\/International\/wp-json\/wp\/v2\/tags?post=133684"}],"curies":[{"name":"wp","href":"https:\/\/api.w.org\/{rel}","templated":true}]}}