{"id":133686,"date":"2021-11-22T14:57:56","date_gmt":"2021-11-22T19:57:56","guid":{"rendered":"https:\/\/linitiative.ca\/International\/montee-du-sentiment-anti-francais\/"},"modified":"2021-11-22T14:57:56","modified_gmt":"2021-11-22T19:57:56","slug":"montee-du-sentiment-anti-francais","status":"publish","type":"post","link":"https:\/\/linitiative.ca\/International\/montee-du-sentiment-anti-francais\/","title":{"rendered":"MONTEE DU SENTIMENT ANTI-FRAN\u00c7AIS"},"content":{"rendered":"<div>\n<p><img decoding=\"async\" width=\"592\" height=\"296\" src=\"https:\/\/linitiative.ca\/International\/wp-content\/uploads\/sites\/23\/2021\/11\/FRANCE.jpg\" class=\"attachment- size- wp-post-image\" alt=\"\" loading=\"lazy\" style=\"float:left; margin:0 15px 15px 0;\" srcset=\"https:\/\/linitiative.ca\/International\/wp-content\/uploads\/sites\/23\/2021\/11\/FRANCE.jpg 592w, https:\/\/lepays.bf\/wp-content\/uploads\/2021\/11\/FRANCE-300x150.jpg 300w\" sizes=\"auto, (max-width: 592px) 100vw, 592px\">Il n\u2019y a pas longtemps, l\u2019activiste franco-b\u00e9ninois K\u00e9mi S\u00e9ba \u00e9tait arr\u00eat\u00e9 alors qu\u2019il se rendait \u00e0 Bobo-Dioulasso pour un meeting contre la politique africaine de la France. Quelques jours plus tard, les faits semblent lui donner raison. En effet, la semaine pass\u00e9e, c\u2019est justement dans la m\u00eame ville de Bobo-Dioulasso que le convoi militaire fran\u00e7ais \u2026<\/p>\n<p>L\u2019article <a rel=\"nofollow\" href=\"https:\/\/lepays.bf\/montee-du-sentiment-anti-francais\/\">MONTEE DU SENTIMENT ANTI-FRAN\u00c7AIS<\/a> est apparu en premier sur <a rel=\"nofollow\" href=\"https:\/\/lepays.bf\/\">Editions Le Pays<\/a>.<\/p>\n<\/div>\n<p>Auteur: Editions LEPAYS<br \/>\n<a href=\"https:\/\/lepays.bf\/montee-du-sentiment-anti-francais\/\">Cliquez ici pour lire l&rsquo;article depuis sa source.<\/a><\/p>\n","protected":false},"excerpt":{"rendered":"<p>Il n\u2019y a pas longtemps, l\u2019activiste franco-b\u00e9ninois K\u00e9mi S\u00e9ba \u00e9tait arr\u00eat\u00e9 alors qu\u2019il se rendait \u00e0 Bobo-Dioulasso pour un meeting contre la politique africaine de la France. Quelques jours plus tard, les faits semblent lui donner raison. En effet, la semaine pass\u00e9e, c\u2019est justement dans la m\u00eame ville de Bobo-Dioulasso que le convoi militaire fran\u00e7ais [&hellip;]<\/p>\n","protected":false},"author":1813,"featured_media":0,"comment_status":"closed","ping_status":"closed","sticky":false,"template":"","format":"standard","meta":{"fifu_image_url":"https:\/\/lepays.bf\/wp-content\/uploads\/2021\/11\/FRANCE.jpg","fifu_image_alt":"MONTEE DU SENTIMENT ANTI-FRAN\u00c7AIS","footnotes":""},"categories":[73,81],"tags":[],"class_list":["post-133686","post","type-post","status-publish","format-standard","hentry","category-actualite","category-burkina-faso"],"_links":{"self":[{"href":"https:\/\/linitiative.ca\/International\/wp-json\/wp\/v2\/posts\/133686","targetHints":{"allow":["GET"]}}],"collection":[{"href":"https:\/\/linitiative.ca\/International\/wp-json\/wp\/v2\/posts"}],"about":[{"href":"https:\/\/linitiative.ca\/International\/wp-json\/wp\/v2\/types\/post"}],"author":[{"embeddable":true,"href":"https:\/\/linitiative.ca\/International\/wp-json\/wp\/v2\/users\/1813"}],"replies":[{"embeddable":true,"href":"https:\/\/linitiative.ca\/International\/wp-json\/wp\/v2\/comments?post=133686"}],"version-history":[{"count":0,"href":"https:\/\/linitiative.ca\/International\/wp-json\/wp\/v2\/posts\/133686\/revisions"}],"wp:attachment":[{"href":"https:\/\/linitiative.ca\/International\/wp-json\/wp\/v2\/media?parent=133686"}],"wp:term":[{"taxonomy":"category","embeddable":true,"href":"https:\/\/linitiative.ca\/International\/wp-json\/wp\/v2\/categories?post=133686"},{"taxonomy":"post_tag","embeddable":true,"href":"https:\/\/linitiative.ca\/International\/wp-json\/wp\/v2\/tags?post=133686"}],"curies":[{"name":"wp","href":"https:\/\/api.w.org\/{rel}","templated":true}]}}