{"id":133693,"date":"2021-11-22T09:18:02","date_gmt":"2021-11-22T14:18:02","guid":{"rendered":"https:\/\/linitiative.ca\/International\/soudan-le-premier-ministre-retrouve-son-fauteuil\/"},"modified":"2021-11-22T09:18:02","modified_gmt":"2021-11-22T14:18:02","slug":"soudan-le-premier-ministre-retrouve-son-fauteuil","status":"publish","type":"post","link":"https:\/\/linitiative.ca\/International\/soudan-le-premier-ministre-retrouve-son-fauteuil\/","title":{"rendered":"Soudan : Le Premier ministre retrouve son fauteuil"},"content":{"rendered":"<div>\n<p><img loading=\"lazy\" decoding=\"async\" width=\"696\" height=\"450\" src=\"https:\/\/linitiative.ca\/International\/wp-content\/uploads\/sites\/23\/2021\/11\/16375906823928.jpg\" class=\"attachment-post-thumbnail size-post-thumbnail wp-post-image\" alt=\"\" srcset=\"https:\/\/linitiative.ca\/International\/wp-content\/uploads\/sites\/23\/2021\/11\/16375906823928.jpg 696w, https:\/\/www.journalducameroun.com\/wp-content\/uploads\/2021\/11\/16375906823928-300x194.jpg 300w, https:\/\/www.journalducameroun.com\/wp-content\/uploads\/2021\/11\/16375906823928-681x440.jpg 681w, https:\/\/www.journalducameroun.com\/wp-content\/uploads\/2021\/11\/16375906823928-600x388.jpg 600w\" sizes=\"auto, (max-width: 696px) 100vw, 696px\"><\/p>\n<p>Le Premier ministre soudanais Abdallah Hamdok, destitu\u00e9 par le chef de l&rsquo;arm\u00e9e Abdel Fattah al-Bourhane le 25 octobre dernier, retrouve son fauteuil.L&rsquo;accord politique de partage du pouvoir avec le patron de l&rsquo;arm\u00e9e, pr\u00e9voit aussi la lib\u00e9ration de tous les prisonniers politiques. Abdallah Hamdok, assign\u00e9 en r\u00e9sidence surveill\u00e9e par les militaires depuis le coup d&rsquo;Etat d&rsquo;octobre dernier, est apparu dimanche \u00e0 la t\u00e9l\u00e9vision d&rsquo;Etat. Il a d\u00e9clar\u00e9 que sa d\u00e9cision de travailler avec l&rsquo;arm\u00e9e \u00e9tait motiv\u00e9e par le d\u00e9sir d&#8217;emp\u00eacher le pays de sombrer davantage dans \u00ab un chaos politique qui ferait couler le sang du peuple soudanais \u00bb.<\/p>\n<p>Ce nouveau rapprochement entre civils et militaires a provoqu\u00e9 la col\u00e8re de la population qui parle de \u00ab\u00a0trahison \u00bb. Un adolescent a m\u00eame \u00e9t\u00e9 tu\u00e9 par balles dimanche dans la r\u00e9pression des manifestations antiputsch. Les manifestants exigent le retour \u00ab\u00a0d&rsquo;un r\u00e9gime civil \u00e0 part enti\u00e8re dans les plus brefs d\u00e9lais\u00a0\u00bb.<\/p>\n<p>Revenu aux affaires, Hamdok devra s&rsquo;atteler \u00e0 former un cabinet de technocrates et \u00a0de travailler \u00e0 la tenue des \u00e9lections d&rsquo;ici 2023. Toutefois, sa nouvelle feuille de route n&rsquo;est pas clairement d\u00e9finie durant cette p\u00e9riode de transition et beaucoup de Soudanais craignent une mainmise de l&rsquo;arm\u00e9e dans la gestion du pays.\u00a0<\/p>\n<p>Ces retrouvailles entre civils et militaires ont \u00e9t\u00e9 toutefois rejet\u00e9es par la coalition de partis politiques qui avait port\u00e9 M. Hamdok au poste de premier ministre apr\u00e8s la chute d&rsquo;Omar el-B\u00e9chir en avril 2019. Nomm\u00e9 chef du gouvernement de la transition au Soudan\u00a0 en ao\u00fbt 2019, Hamdok \u00e9tait \u00e9vinc\u00e9 de son poste de Premier ministre par le chef de l&rsquo;arm\u00e9e apr\u00e8s le coup de force du 25 octobre 2021.<\/p>\n<p>Cet article <a rel=\"nofollow\" href=\"https:\/\/www.journalducameroun.com\/soudan-le-premier-ministre-retrouve-son-fauteuil\/\">Soudan : Le Premier ministre retrouve son fauteuil<\/a> est apparu en premier sur <a rel=\"nofollow\" href=\"https:\/\/www.journalducameroun.com\/\">Journal du Cameroun<\/a>.<\/p>\n<\/div>\n<p>Auteur: APA News<br \/>\n<a href=\"https:\/\/www.journalducameroun.com\/soudan-le-premier-ministre-retrouve-son-fauteuil\/\">Cliquez ici pour lire l&rsquo;article depuis sa source.<\/a><\/p>\n","protected":false},"excerpt":{"rendered":"<p>Le Premier ministre soudanais Abdallah Hamdok, destitu\u00e9 par le chef de l&rsquo;arm\u00e9e Abdel Fattah al-Bourhane le 25 octobre dernier, retrouve son fauteuil.L&rsquo;accord politique de partage du pouvoir avec le patron de l&rsquo;arm\u00e9e, pr\u00e9voit aussi la lib\u00e9ration de tous les prisonniers politiques. Abdallah Hamdok, assign\u00e9 en r\u00e9sidence surveill\u00e9e par les militaires depuis le coup d&rsquo;Etat d&rsquo;octobre [&hellip;]<\/p>\n","protected":false},"author":1965,"featured_media":0,"comment_status":"closed","ping_status":"closed","sticky":false,"template":"","format":"standard","meta":{"fifu_image_url":"https:\/\/www.journalducameroun.com\/wp-content\/uploads\/2021\/11\/16375906823928.jpg","fifu_image_alt":"Soudan : Le Premier ministre retrouve son fauteuil","footnotes":""},"categories":[73,82],"tags":[],"class_list":["post-133693","post","type-post","status-publish","format-standard","hentry","category-actualite","category-cameroun"],"_links":{"self":[{"href":"https:\/\/linitiative.ca\/International\/wp-json\/wp\/v2\/posts\/133693","targetHints":{"allow":["GET"]}}],"collection":[{"href":"https:\/\/linitiative.ca\/International\/wp-json\/wp\/v2\/posts"}],"about":[{"href":"https:\/\/linitiative.ca\/International\/wp-json\/wp\/v2\/types\/post"}],"author":[{"embeddable":true,"href":"https:\/\/linitiative.ca\/International\/wp-json\/wp\/v2\/users\/1965"}],"replies":[{"embeddable":true,"href":"https:\/\/linitiative.ca\/International\/wp-json\/wp\/v2\/comments?post=133693"}],"version-history":[{"count":0,"href":"https:\/\/linitiative.ca\/International\/wp-json\/wp\/v2\/posts\/133693\/revisions"}],"wp:attachment":[{"href":"https:\/\/linitiative.ca\/International\/wp-json\/wp\/v2\/media?parent=133693"}],"wp:term":[{"taxonomy":"category","embeddable":true,"href":"https:\/\/linitiative.ca\/International\/wp-json\/wp\/v2\/categories?post=133693"},{"taxonomy":"post_tag","embeddable":true,"href":"https:\/\/linitiative.ca\/International\/wp-json\/wp\/v2\/tags?post=133693"}],"curies":[{"name":"wp","href":"https:\/\/api.w.org\/{rel}","templated":true}]}}