{"id":133695,"date":"2021-11-22T09:18:02","date_gmt":"2021-11-22T14:18:02","guid":{"rendered":"https:\/\/linitiative.ca\/International\/gambie-olusegun-obasanjo-emissaire-du-commonwealth\/"},"modified":"2021-11-22T09:18:02","modified_gmt":"2021-11-22T14:18:02","slug":"gambie-olusegun-obasanjo-emissaire-du-commonwealth","status":"publish","type":"post","link":"https:\/\/linitiative.ca\/International\/gambie-olusegun-obasanjo-emissaire-du-commonwealth\/","title":{"rendered":"Gambie : Olusegun Obasanjo, \u00e9missaire du Commonwealth"},"content":{"rendered":"<div>\n<p><img loading=\"lazy\" decoding=\"async\" width=\"750\" height=\"750\" src=\"https:\/\/linitiative.ca\/International\/wp-content\/uploads\/sites\/23\/2021\/11\/16375906821784.jpg\" class=\"attachment-post-thumbnail size-post-thumbnail wp-post-image\" alt=\"\" srcset=\"https:\/\/linitiative.ca\/International\/wp-content\/uploads\/sites\/23\/2021\/11\/16375906821784.jpg 750w, https:\/\/www.journalducameroun.com\/wp-content\/uploads\/2021\/11\/16375906821784-150x150.jpg 150w, https:\/\/www.journalducameroun.com\/wp-content\/uploads\/2021\/11\/16375906821784-300x300.jpg 300w, https:\/\/www.journalducameroun.com\/wp-content\/uploads\/2021\/11\/16375906821784-440x440.jpg 440w, https:\/\/www.journalducameroun.com\/wp-content\/uploads\/2021\/11\/16375906821784-60x60.jpg 60w, https:\/\/www.journalducameroun.com\/wp-content\/uploads\/2021\/11\/16375906821784-100x100.jpg 100w, https:\/\/www.journalducameroun.com\/wp-content\/uploads\/2021\/11\/16375906821784-600x600.jpg 600w\" sizes=\"auto, (max-width: 750px) 100vw, 750px\"><\/p>\n<p>L&rsquo;ancien chef de l&rsquo;Etat nig\u00e9rian est \u00e0 la t\u00eate de la mission d&rsquo;observation de l&rsquo;organisation internationale pour l&rsquo;\u00e9lection pr\u00e9sidentielle du 4 d\u00e9cembre prochain.Cela fait plus de quinze ans que le Commonwealth n&rsquo;a pas supervis\u00e9 une \u00e9lection en Gambie. Selon un communiqu\u00e9 publi\u00e9 sur le site de l&rsquo;association intergouvernementale, la Commission \u00e9lectorale ind\u00e9pendante de la Gambie a autoris\u00e9 le retour d&rsquo;une mission d&rsquo;observation du Commonwealth.<\/p>\n<p>De l&rsquo;avis de Patricia Scotland, Secr\u00e9taire G\u00e9n\u00e9ral du Commonwealth, \u00ab le d\u00e9ploiement de ce groupe d&rsquo;observateurs est une d\u00e9monstration de l&rsquo;engagement du Commonwealth \u00e0 soutenir la d\u00e9mocratie dans les pays membres et la reconnaissance du droit des individus \u00e0 participer \u00e0 des \u00e9lections cr\u00e9dibles, inclusives et transparentes \u00bb.<\/p>\n<p>Sous le r\u00e8gne de Yaya Jammeh, la Gambie s&rsquo;\u00e9tait retir\u00e9e du Commonwealth, mais elle a \u00e9t\u00e9 r\u00e9int\u00e9gr\u00e9e quelques mois apr\u00e8s la chute de l&rsquo;ancien dictateur. \u00c0 l&rsquo;issue de l&rsquo;\u00e9lection pr\u00e9sidentielle de 2016, Yaya Jammeh avait reconnu sa d\u00e9faite devant l&rsquo;actuel pr\u00e9sident Adama Barrow avant de se d\u00e9dire. Une forte pression de la communaut\u00e9 internationale l&rsquo;a finalement fait accepter le r\u00e9sultat des urnes.<\/p>\n<p>La Gambie dont la population est estim\u00e9e \u00e0 1,9 million d&rsquo;habitants veut donc consolider sa jeune d\u00e9mocratie. Outre le pr\u00e9sident sortant, cinq candidats sont en lice pour ce scrutin. Il s&rsquo;agit d&rsquo;Ousainou Darboe du Parti d\u00e9mocratique uni (UDP), de Mamma Kandeh du Congr\u00e8s d\u00e9mocratique de Gambie (GDC), d&rsquo;Halifa Sallah de l&rsquo;Organisation d\u00e9mocratique populaire pour l&rsquo;ind\u00e9pendance et le socialisme (PDOIS), Essa Faal, ancien Conseiller principal de la Commission v\u00e9rit\u00e9, r\u00e9conciliation et r\u00e9parations et d&rsquo;Abdoulie Jammeh du Parti de l&rsquo;unit\u00e9 nationale (NUP).<\/p>\n<p>L&rsquo;\u00e9quipe d&rsquo;observateurs \u00e9lectoraux du Commonwealth est compos\u00e9e de neuf membres. En octobre dernier, une mission d&rsquo;\u00e9valuation pr\u00e9\u00e9lectorale s&rsquo;\u00e9tait d\u00e9j\u00e0 rendue en Gambie. Apr\u00e8s l&rsquo;\u00e9lection du 4 d\u00e9cembre, l&rsquo;\u00e9quipe de M. Obasanjo soumettra un rapport final sur le processus \u00e9lectoral \u00e0 la Secr\u00e9taire G\u00e9n\u00e9rale du Commonwealth. Cette derni\u00e8re fera un compte rendu aux 54 Etats-membres.<\/p>\n<p>Cet article <a rel=\"nofollow\" href=\"https:\/\/www.journalducameroun.com\/gambie-olusegun-obasanjo-emissaire-du-commonwealth\/\">Gambie : Olusegun Obasanjo, \u00e9missaire du Commonwealth<\/a> est apparu en premier sur <a rel=\"nofollow\" href=\"https:\/\/www.journalducameroun.com\/\">Journal du Cameroun<\/a>.<\/p>\n<\/div>\n<p>Auteur: APA News<br \/>\n<a href=\"https:\/\/www.journalducameroun.com\/gambie-olusegun-obasanjo-emissaire-du-commonwealth\/\">Cliquez ici pour lire l&rsquo;article depuis sa source.<\/a><\/p>\n","protected":false},"excerpt":{"rendered":"<p>L&rsquo;ancien chef de l&rsquo;Etat nig\u00e9rian est \u00e0 la t\u00eate de la mission d&rsquo;observation de l&rsquo;organisation internationale pour l&rsquo;\u00e9lection pr\u00e9sidentielle du 4 d\u00e9cembre prochain.Cela fait plus de quinze ans que le Commonwealth n&rsquo;a pas supervis\u00e9 une \u00e9lection en Gambie. Selon un communiqu\u00e9 publi\u00e9 sur le site de l&rsquo;association intergouvernementale, la Commission \u00e9lectorale ind\u00e9pendante de la Gambie [&hellip;]<\/p>\n","protected":false},"author":1965,"featured_media":0,"comment_status":"closed","ping_status":"closed","sticky":false,"template":"","format":"standard","meta":{"fifu_image_url":"https:\/\/www.journalducameroun.com\/wp-content\/uploads\/2021\/11\/16375906821784.jpg","fifu_image_alt":"Gambie : Olusegun Obasanjo, \u00e9missaire du Commonwealth","footnotes":""},"categories":[73,82],"tags":[],"class_list":["post-133695","post","type-post","status-publish","format-standard","hentry","category-actualite","category-cameroun"],"_links":{"self":[{"href":"https:\/\/linitiative.ca\/International\/wp-json\/wp\/v2\/posts\/133695","targetHints":{"allow":["GET"]}}],"collection":[{"href":"https:\/\/linitiative.ca\/International\/wp-json\/wp\/v2\/posts"}],"about":[{"href":"https:\/\/linitiative.ca\/International\/wp-json\/wp\/v2\/types\/post"}],"author":[{"embeddable":true,"href":"https:\/\/linitiative.ca\/International\/wp-json\/wp\/v2\/users\/1965"}],"replies":[{"embeddable":true,"href":"https:\/\/linitiative.ca\/International\/wp-json\/wp\/v2\/comments?post=133695"}],"version-history":[{"count":0,"href":"https:\/\/linitiative.ca\/International\/wp-json\/wp\/v2\/posts\/133695\/revisions"}],"wp:attachment":[{"href":"https:\/\/linitiative.ca\/International\/wp-json\/wp\/v2\/media?parent=133695"}],"wp:term":[{"taxonomy":"category","embeddable":true,"href":"https:\/\/linitiative.ca\/International\/wp-json\/wp\/v2\/categories?post=133695"},{"taxonomy":"post_tag","embeddable":true,"href":"https:\/\/linitiative.ca\/International\/wp-json\/wp\/v2\/tags?post=133695"}],"curies":[{"name":"wp","href":"https:\/\/api.w.org\/{rel}","templated":true}]}}