{"id":133699,"date":"2021-11-22T13:18:02","date_gmt":"2021-11-22T18:18:02","guid":{"rendered":"https:\/\/linitiative.ca\/International\/le-numerique-pour-moderniser-ladministration-du-senegal\/"},"modified":"2021-11-22T13:18:02","modified_gmt":"2021-11-22T18:18:02","slug":"le-numerique-pour-moderniser-ladministration-du-senegal","status":"publish","type":"post","link":"https:\/\/linitiative.ca\/International\/le-numerique-pour-moderniser-ladministration-du-senegal\/","title":{"rendered":"Le num\u00e9rique pour moderniser l\u2019administration du S\u00e9n\u00e9gal"},"content":{"rendered":"<div>\n<p><img loading=\"lazy\" decoding=\"async\" width=\"1024\" height=\"768\" src=\"https:\/\/linitiative.ca\/International\/wp-content\/uploads\/sites\/23\/2021\/11\/16376050823481.jpg\" class=\"attachment-post-thumbnail size-post-thumbnail wp-post-image\" alt=\"\" srcset=\"https:\/\/linitiative.ca\/International\/wp-content\/uploads\/sites\/23\/2021\/11\/16376050823481.jpg 1024w, https:\/\/www.journalducameroun.com\/wp-content\/uploads\/2021\/11\/16376050823481-300x225.jpg 300w, https:\/\/www.journalducameroun.com\/wp-content\/uploads\/2021\/11\/16376050823481-768x576.jpg 768w, https:\/\/www.journalducameroun.com\/wp-content\/uploads\/2021\/11\/16376050823481-587x440.jpg 587w, https:\/\/www.journalducameroun.com\/wp-content\/uploads\/2021\/11\/16376050823481-600x450.jpg 600w\" sizes=\"auto, (max-width: 1024px) 100vw, 1024px\"><\/p>\n<p>L&rsquo;Etat s\u00e9n\u00e9galais forme ses agents sur les enjeux de la digitalisation et sur les techniques applicables \u00e0 des projets de transformation de son administration.Le S\u00e9n\u00e9gal se dote de plus en plus de dispositifs num\u00e9riques de derni\u00e8re g\u00e9n\u00e9ration. Mais l&rsquo;appropriation de ces outils par les agents de son administration laisse \u00e0 d\u00e9sirer. A travers un atelier de formation d\u00e9di\u00e9 \u00e0 des fonctionnaires de l&rsquo;Etat, organis\u00e9 ce lundi \u00e0 Dakar, le minist\u00e8re de l&rsquo;Economie num\u00e9rique et des T\u00e9l\u00e9communications cherche \u00e0 pallier ce gap.<\/p>\n<p>Du 22 au 25 novembre, les administrateurs seront entretenus sur les enjeux de la transformation num\u00e9rique, le parcours citoyen et la gestion des processus m\u00e9tiers.<\/p>\n<p>L&rsquo;objectif, selon le Secr\u00e9taire g\u00e9n\u00e9ral du minist\u00e8re de l&rsquo;Economie num\u00e9rique et des T\u00e9l\u00e9communications, Isaac Sissokho, est de former les agents de l&rsquo;administration \u00e0 une meilleure appropriation et une meilleure utilisation des outils num\u00e9riques au service des populations, mais aussi de leur permettre de performer dans leurs activit\u00e9s quotidiennes.<\/p>\n<p>Soulignant la forte num\u00e9risation des \u00e9conomies et des investissements, le Repr\u00e9sentant adjoint du Programme des Nations Unies pour le D\u00e9veloppement (PNUD) au S\u00e9n\u00e9gal, El Kebir Mdarhri Alaoui, a de son c\u00f4t\u00e9 indiqu\u00e9 que \u00ab la transformation num\u00e9rique n&rsquo;est plus un luxe, mais c&rsquo;est une priorit\u00e9. \u00bb<\/p>\n<p>Par cons\u00e9quent, a-t-il dit, \u00ab num\u00e9riser, c&rsquo;est cr\u00e9er de l&rsquo;attractivit\u00e9 en termes d&rsquo;investissement, de transparence mais aussi de redevabilit\u00e9 vis-\u00e0-vis des donateurs et des citoyens. \u00bb<\/p>\n<p>Pour mener \u00e0 bien ce processus de digitalisation, El Kebir Mdarhri Alaoui a plaid\u00e9 pour une mise en coh\u00e9rence et une coordination dans le d\u00e9ploiement des diff\u00e9rents projets minist\u00e9riels. A l&rsquo;en croire, cela devrait permettre aux acteurs de saisir l&rsquo;ensemble des opportunit\u00e9s qu&rsquo;offre le digital.<\/p>\n<p>Par ailleurs, il a invit\u00e9 les acteurs du public et du priv\u00e9 \u00e0 travailler ensemble pour la r\u00e9ussite de la strat\u00e9gie \u00ab S\u00e9n\u00e9gal num\u00e9rique 2025 (SN2025) \u00bb. Celle-ci incarne l&rsquo;ambition du S\u00e9n\u00e9gal de maintenir une position de pays leader innovant en Afrique dans le domaine du num\u00e9rique.<\/p>\n<p>Elle est constitu\u00e9e de trois pr\u00e9requis et quatre axes prioritaires articul\u00e9s autour du slogan \u00ab le num\u00e9rique pour tous et pour tous les usages en 2025 au S\u00e9n\u00e9gal avec un secteur priv\u00e9 dynamique et innovant dans un \u00e9cosyst\u00e8me performant \u00bb.<\/p>\n<p>Le co\u00fbt total du plan d&rsquo;actions constitu\u00e9 de 28 r\u00e9formes et 69 projets est de 1.361 milliards de F CFA.<\/p>\n<p>Cet article <a rel=\"nofollow\" href=\"https:\/\/www.journalducameroun.com\/le-numerique-pour-moderniser-ladministration-du-senegal\/\">Le num\u00e9rique pour moderniser l\u2019administration du S\u00e9n\u00e9gal<\/a> est apparu en premier sur <a rel=\"nofollow\" href=\"https:\/\/www.journalducameroun.com\/\">Journal du Cameroun<\/a>.<\/p>\n<\/div>\n<p>Auteur: APA News<br \/>\n<a href=\"https:\/\/www.journalducameroun.com\/le-numerique-pour-moderniser-ladministration-du-senegal\/\">Cliquez ici pour lire l&rsquo;article depuis sa source.<\/a><\/p>\n","protected":false},"excerpt":{"rendered":"<p>L&rsquo;Etat s\u00e9n\u00e9galais forme ses agents sur les enjeux de la digitalisation et sur les techniques applicables \u00e0 des projets de transformation de son administration.Le S\u00e9n\u00e9gal se dote de plus en plus de dispositifs num\u00e9riques de derni\u00e8re g\u00e9n\u00e9ration. Mais l&rsquo;appropriation de ces outils par les agents de son administration laisse \u00e0 d\u00e9sirer. A travers un atelier [&hellip;]<\/p>\n","protected":false},"author":1965,"featured_media":0,"comment_status":"closed","ping_status":"closed","sticky":false,"template":"","format":"standard","meta":{"fifu_image_url":"https:\/\/www.journalducameroun.com\/wp-content\/uploads\/2021\/11\/16376050823481.jpg","fifu_image_alt":"Le num\u00e9rique pour moderniser l\u2019administration du S\u00e9n\u00e9gal","footnotes":""},"categories":[73,82],"tags":[],"class_list":["post-133699","post","type-post","status-publish","format-standard","hentry","category-actualite","category-cameroun"],"_links":{"self":[{"href":"https:\/\/linitiative.ca\/International\/wp-json\/wp\/v2\/posts\/133699","targetHints":{"allow":["GET"]}}],"collection":[{"href":"https:\/\/linitiative.ca\/International\/wp-json\/wp\/v2\/posts"}],"about":[{"href":"https:\/\/linitiative.ca\/International\/wp-json\/wp\/v2\/types\/post"}],"author":[{"embeddable":true,"href":"https:\/\/linitiative.ca\/International\/wp-json\/wp\/v2\/users\/1965"}],"replies":[{"embeddable":true,"href":"https:\/\/linitiative.ca\/International\/wp-json\/wp\/v2\/comments?post=133699"}],"version-history":[{"count":0,"href":"https:\/\/linitiative.ca\/International\/wp-json\/wp\/v2\/posts\/133699\/revisions"}],"wp:attachment":[{"href":"https:\/\/linitiative.ca\/International\/wp-json\/wp\/v2\/media?parent=133699"}],"wp:term":[{"taxonomy":"category","embeddable":true,"href":"https:\/\/linitiative.ca\/International\/wp-json\/wp\/v2\/categories?post=133699"},{"taxonomy":"post_tag","embeddable":true,"href":"https:\/\/linitiative.ca\/International\/wp-json\/wp\/v2\/tags?post=133699"}],"curies":[{"name":"wp","href":"https:\/\/api.w.org\/{rel}","templated":true}]}}