{"id":133705,"date":"2021-11-22T09:47:58","date_gmt":"2021-11-22T14:47:58","guid":{"rendered":"https:\/\/linitiative.ca\/International\/insertion-professionnelle-des-jeunes-le-pak-et-fne-revisitent-leur-partenariat\/"},"modified":"2021-11-22T09:47:58","modified_gmt":"2021-11-22T14:47:58","slug":"insertion-professionnelle-des-jeunes-le-pak-et-fne-revisitent-leur-partenariat","status":"publish","type":"post","link":"https:\/\/linitiative.ca\/International\/insertion-professionnelle-des-jeunes-le-pak-et-fne-revisitent-leur-partenariat\/","title":{"rendered":"Insertion professionnelle des jeunes : le PAK et FNE revisitent leur partenariat"},"content":{"rendered":"<div>\n<p>Les Directeurs G\u00e9n\u00e9raux Patrice Melom, du Port Autonome de Kribi (PAK) et Camille Moute A Bidias du Fonds National de l\u2019Emploi (FNE) ont proc\u00e9d\u00e9 le 17 novembre 2021, \u00e0 Kribi, \u00e0 la signature de l\u2019accord cadre r\u00e9vis\u00e9 de partenariat qui lie les deux entreprises publiques depuis 2017. La nouvelle convention met un accent sur le renforcement de la mutualisation des efforts entre les deux Parties en vue de la promotion, dans la localit\u00e9 de Kribi, de l\u2019insertion professionnelle des jeunes, form\u00e9s, qualifi\u00e9s et offrant de r\u00e9elles comp\u00e9tences.<\/p>\n<p><strong>Lire aussi<\/strong> : <strong><a href=\"https:\/\/ecomatin.net\/en-30-ans-le-fne-a-cree-plus-de-200-000-emplois-directs-et-indirects\/\">En 30 ans, le FNE a cr\u00e9\u00e9 plus de 200.000 emplois directs et indirects<\/a><\/strong><\/p>\n<p>On apprendra du port de Kribi qu\u2019il sera question \u00e0 travers cette convention de consolider cette relation de coop\u00e9ration en la structurant par un engagement sur trois axes principaux \u00e0 savoir :\u00ab la conception et mise en \u0153uvre de programmes d\u2019insertion professionnelle ; les \u00e9changes d\u2019expertise, les \u00e9tudes, la maturation et le d\u00e9veloppement des programmes d\u2019insertion professionnelle et ; l\u2019organisation d\u2019\u00e9v\u00e8nements \u00e0 caract\u00e8re scientifique en vue de la promotion de l\u2019insertion professionnelle des jeunes (s\u00e9minaires, ateliers, journ\u00e9es portes ouvertes, etc.) \u00bb,informe le Port de Kribi.<\/p>\n<p><strong>Lire aussi<\/strong> : <strong><a href=\"https:\/\/ecomatin.net\/lutte-contre-le-chomage-le-fne-se-deploie-a-sangmelima\/\">Lutte contre le ch\u00f4mage : le FNE se d\u00e9ploie \u00e0 Sangmelima<\/a><\/strong><\/p>\n<p>Selon l\u2019accord sign\u00e9 en 2017, le PAK s\u2019engageait a inform\u00e9 le FNE sur ses programmes de d\u00e9veloppement, sur les \u00e9volutions et ses besoins en ressources humaines, ainsi que sur les potentiels profils recherch\u00e9s. Suivant le contrat, le PAK, dans le processus de pr\u00e9s\u00e9lection de candidatures, utilisera prioritairement l\u2019interm\u00e9diation du FNE. Aussi, le PAK s\u2019\u00e9tait engag\u00e9 \u00e0 faire de ses sous-traitants, des interlocuteurs op\u00e9rationnels du FNE pour la gestion des offres et demandes d\u2019emploi. En retour, le Fonds national de l\u2019emploi mettrai \u00e0 la disposition du PAK sa banque de donn\u00e9es des chercheurs d\u2019emploi et notamment les profils n\u00e9cessaires au choix du candidat. Gr\u00e2ce \u00e0 cet accord, le PAK tend la main \u00e0 la jeunesse pour la r\u00e9duction du ch\u00f4mage.<\/p>\n<p><strong>Lire aussi<\/strong> : <strong><a href=\"https:\/\/ecomatin.net\/domaine-portuaire-le-pak-sattaque-a-la-pollution-n-de-son-domaine-maritime-et-terrestre\/\" target=\"_blank\" rel=\"noreferrer noopener\">Domaine portuaire : Le PAK s\u2019attaque \u00e0 la pollution de son domaine maritime et terrestre<\/a><\/strong><\/p>\n<p>Rappellerons que \u00ab les fili\u00e8res suivantes sont les cibles de choix pour les recrutements au sein du Port Autonome de Kribi : Fili\u00e8res de la Marine Marchande (Pilote, officier de port, matelot, m\u00e9canicien naval, etc.), Finances, Marketing et Commercial, Gestion des Ressources humaines, Gestion des projets, Administration et gestion des entreprises, Droit, G\u00e9nie m\u00e9canique, Informatique, etc \u00bb, indique le port de Kribi.<\/p>\n<p>L\u2019article <a rel=\"nofollow\" href=\"https:\/\/ecomatin.net\/insertion-professionnelle-des-jeunes-le-pak-et-fne-revisitent-leur-partenariat\/\">Insertion professionnelle des jeunes : le PAK et FNE revisitent leur partenariat<\/a> est apparu en premier sur <a rel=\"nofollow\" href=\"https:\/\/ecomatin.net\/\">EcoMatin<\/a>.<\/p>\n<\/div>\n<p>Auteur: Amina MALLOUM<br \/>\n<a href=\"https:\/\/ecomatin.net\/insertion-professionnelle-des-jeunes-le-pak-et-fne-revisitent-leur-partenariat\/\">Cliquez ici pour lire l&rsquo;article depuis sa source.<\/a><\/p>\n","protected":false},"excerpt":{"rendered":"<p>Les Directeurs G\u00e9n\u00e9raux Patrice Melom, du Port Autonome de Kribi (PAK) et Camille Moute A Bidias du Fonds National de l\u2019Emploi (FNE) ont proc\u00e9d\u00e9 le 17 novembre 2021, \u00e0 Kribi, \u00e0 la signature de l\u2019accord cadre r\u00e9vis\u00e9 de partenariat qui lie les deux entreprises publiques depuis 2017. La nouvelle convention met un accent sur le [&hellip;]<\/p>\n","protected":false},"author":1969,"featured_media":0,"comment_status":"closed","ping_status":"closed","sticky":false,"template":"","format":"standard","meta":{"fifu_image_url":"","fifu_image_alt":"","footnotes":""},"categories":[82,78],"tags":[],"class_list":["post-133705","post","type-post","status-publish","format-standard","hentry","category-cameroun","category-economie"],"_links":{"self":[{"href":"https:\/\/linitiative.ca\/International\/wp-json\/wp\/v2\/posts\/133705","targetHints":{"allow":["GET"]}}],"collection":[{"href":"https:\/\/linitiative.ca\/International\/wp-json\/wp\/v2\/posts"}],"about":[{"href":"https:\/\/linitiative.ca\/International\/wp-json\/wp\/v2\/types\/post"}],"author":[{"embeddable":true,"href":"https:\/\/linitiative.ca\/International\/wp-json\/wp\/v2\/users\/1969"}],"replies":[{"embeddable":true,"href":"https:\/\/linitiative.ca\/International\/wp-json\/wp\/v2\/comments?post=133705"}],"version-history":[{"count":0,"href":"https:\/\/linitiative.ca\/International\/wp-json\/wp\/v2\/posts\/133705\/revisions"}],"wp:attachment":[{"href":"https:\/\/linitiative.ca\/International\/wp-json\/wp\/v2\/media?parent=133705"}],"wp:term":[{"taxonomy":"category","embeddable":true,"href":"https:\/\/linitiative.ca\/International\/wp-json\/wp\/v2\/categories?post=133705"},{"taxonomy":"post_tag","embeddable":true,"href":"https:\/\/linitiative.ca\/International\/wp-json\/wp\/v2\/tags?post=133705"}],"curies":[{"name":"wp","href":"https:\/\/api.w.org\/{rel}","templated":true}]}}