{"id":133716,"date":"2021-11-23T11:13:42","date_gmt":"2021-11-23T16:13:42","guid":{"rendered":"https:\/\/linitiative.ca\/International\/114-millions-deuros-de-la-bad-pour-le-programme-dappui-au-developpement-inclusif-et-durable-des-zones-agricoles-et-rurales\/"},"modified":"2021-11-23T11:13:42","modified_gmt":"2021-11-23T16:13:42","slug":"114-millions-deuros-de-la-bad-pour-le-programme-dappui-au-developpement-inclusif-et-durable-des-zones-agricoles-et-rurales","status":"publish","type":"post","link":"https:\/\/linitiative.ca\/International\/114-millions-deuros-de-la-bad-pour-le-programme-dappui-au-developpement-inclusif-et-durable-des-zones-agricoles-et-rurales\/","title":{"rendered":"114 millions d\u2019Euros de la BAD pour le programme d\u2019appui au d\u00e9veloppement inclusif et durable des zones agricoles et rurales"},"content":{"rendered":"<div>\n<p><img loading=\"lazy\" decoding=\"async\" width=\"300\" height=\"153\" src=\"https:\/\/linitiative.ca\/International\/wp-content\/uploads\/sites\/23\/2021\/11\/Achraf-Tarsim-BAD-300x153-1.jpg\" class=\"attachment-medium size-medium wp-post-image\" alt=\"\" srcset=\"https:\/\/linitiative.ca\/International\/wp-content\/uploads\/sites\/23\/2021\/11\/Achraf-Tarsim-BAD-300x153-1.jpg 300w, https:\/\/aujourdhui.ma\/wp-content\/uploads\/2021\/03\/Achraf-Tarsim-BAD-274x140.jpg 274w, https:\/\/aujourdhui.ma\/wp-content\/uploads\/2021\/03\/Achraf-Tarsim-BAD.jpg 746w, https:\/\/aujourdhui.ma\/wp-content\/uploads\/2021\/03\/Achraf-Tarsim-BAD-165x84.jpg 165w, https:\/\/aujourdhui.ma\/wp-content\/uploads\/2021\/03\/Achraf-Tarsim-BAD-702x358.jpg 702w\" sizes=\"auto, (max-width: 300px) 100vw, 300px\"><\/p>\n<p>Fouzi Lekja\u00e2, Ministre D\u00e9l\u00e9gu\u00e9 aupr\u00e8s de la Ministre de l\u2019Economie et des Finances, charg\u00e9 du Budget a proc\u00e9d\u00e9, avec Achraf Tarsim, Repr\u00e9sentant R\u00e9sident du Bureau National de la Banque Africaine de D\u00e9veloppement \u00e0 Rabat, en pr\u00e9sence de Mohammed SADIKI, Ministre de l\u2019Agriculture, de la P\u00eache Maritime, du D\u00e9veloppement Rural et des Eaux et For\u00eats, au si\u00e8ge du Minist\u00e8re, ce mardi 23 Novembre 2021, \u00e0 la signature d\u2019un accord de financement d\u2019un montant de 114,03 millions d\u2019Euros (soit environ 1,184 milliards de dirhams), au profit du Programme d\u2019Appui au D\u00e9veloppement Inclusif et Durable des Zones Agricoles et Rurales (PADIDZAR).<\/p>\n<\/div>\n<p>Auteur: ALM<br \/>\n<a href=\"https:\/\/aujourdhui.ma\/economie\/114-millions-deuros-de-la-bad-pour-le-programme-dappui-au-developpement-inclusif-et-durable-des-zones-agricoles-et-rurales\">Cliquez ici pour lire l&rsquo;article depuis sa source.<\/a><\/p>\n","protected":false},"excerpt":{"rendered":"<p>Fouzi Lekja\u00e2, Ministre D\u00e9l\u00e9gu\u00e9 aupr\u00e8s de la Ministre de l\u2019Economie et des Finances, charg\u00e9 du Budget a proc\u00e9d\u00e9, avec Achraf Tarsim, Repr\u00e9sentant R\u00e9sident du Bureau National de la Banque Africaine de D\u00e9veloppement \u00e0 Rabat, en pr\u00e9sence de Mohammed SADIKI, Ministre de l\u2019Agriculture, de la P\u00eache Maritime, du D\u00e9veloppement Rural et des Eaux et For\u00eats, au [&hellip;]<\/p>\n","protected":false},"author":1759,"featured_media":0,"comment_status":"closed","ping_status":"closed","sticky":false,"template":"","format":"standard","meta":{"fifu_image_url":"https:\/\/aujourdhui.ma\/wp-content\/uploads\/2021\/03\/Achraf-Tarsim-BAD-300x153.jpg","fifu_image_alt":"114 millions d\u2019Euros de la BAD pour le programme d\u2019appui au d\u00e9veloppement inclusif et durable des zones agricoles et rurales","footnotes":""},"categories":[73,54],"tags":[],"class_list":["post-133716","post","type-post","status-publish","format-standard","hentry","category-actualite","category-maroc"],"_links":{"self":[{"href":"https:\/\/linitiative.ca\/International\/wp-json\/wp\/v2\/posts\/133716","targetHints":{"allow":["GET"]}}],"collection":[{"href":"https:\/\/linitiative.ca\/International\/wp-json\/wp\/v2\/posts"}],"about":[{"href":"https:\/\/linitiative.ca\/International\/wp-json\/wp\/v2\/types\/post"}],"author":[{"embeddable":true,"href":"https:\/\/linitiative.ca\/International\/wp-json\/wp\/v2\/users\/1759"}],"replies":[{"embeddable":true,"href":"https:\/\/linitiative.ca\/International\/wp-json\/wp\/v2\/comments?post=133716"}],"version-history":[{"count":0,"href":"https:\/\/linitiative.ca\/International\/wp-json\/wp\/v2\/posts\/133716\/revisions"}],"wp:attachment":[{"href":"https:\/\/linitiative.ca\/International\/wp-json\/wp\/v2\/media?parent=133716"}],"wp:term":[{"taxonomy":"category","embeddable":true,"href":"https:\/\/linitiative.ca\/International\/wp-json\/wp\/v2\/categories?post=133716"},{"taxonomy":"post_tag","embeddable":true,"href":"https:\/\/linitiative.ca\/International\/wp-json\/wp\/v2\/tags?post=133716"}],"curies":[{"name":"wp","href":"https:\/\/api.w.org\/{rel}","templated":true}]}}