{"id":133721,"date":"2021-11-22T13:00:00","date_gmt":"2021-11-22T18:00:00","guid":{"rendered":"https:\/\/linitiative.ca\/International\/faculte-des-lettres-dagadir-une-fierte\/"},"modified":"2021-11-22T13:00:00","modified_gmt":"2021-11-22T18:00:00","slug":"faculte-des-lettres-dagadir-une-fierte","status":"publish","type":"post","link":"https:\/\/linitiative.ca\/International\/faculte-des-lettres-dagadir-une-fierte\/","title":{"rendered":"Facult\u00e9 des lettres d\u2019Agadir, une fiert\u00e9 !"},"content":{"rendered":"<div>\n<p class=\"has-black-color has-text-color\"><strong>Tout observateur de l\u2019\u00e9volution de la facult\u00e9 des lettres et sciences humaines, relevant de l\u2019universit\u00e9 Ibn Zohr, depuis sa cr\u00e9ation en 1984, rel\u00e8vera sans nulle peine, la transformation salutaire de cet \u00e9tablissement universitaire. D\u2019embl\u00e9e, il constatera l\u2019\u00e9volution resplendissante de ses aspects ext\u00e9rieurs, en mati\u00e8re de texture ornementale de fond en comble o\u00f9 la verdure est amoureusement mise en \u00e9vidence, en direction du contingent estudiantin, corps professoral, staff de l\u2019administration et parterre de visiteurs. L\u2019entretien des herbac\u00e9es et plantations est tellement rigoureux qu\u2019on se croirait sur les immenses jardins botaniques de Singapour. Ensuite, on se serait, sans doute, r\u00e9gal\u00e9 du confort \u00e9quipementier dont se dote cette institution en termes de mobilier, d\u2019espaces et d\u2019outillages au point de s\u2019en r\u00e9jouir si l\u2019on sait qu\u2019il y a quelques ann\u00e9es auparavant on en avait manqu\u00e9 cruellement. C\u2019est ainsi que ce cadre de travail aurait cr\u00e9\u00e9 une envie de vaquer \u00e0 ses t\u00e2ches dans un confort peu commun dans les annales universitaires. Dans le m\u00eame ordre d\u2019id\u00e9es, on notera sans nullement \u00eatre contredit, une sorte de convivialit\u00e9 qui r\u00e8gne dans les divers d\u00e9partements de la facult\u00e9, aussi bien dans les amphith\u00e9\u00e2tres, les salles de cours, les espaces instructifs, cr\u00e9atifs et\u00a0 r\u00e9cr\u00e9atifs.<\/strong><\/p>\n<p class=\"has-black-color has-text-color\">\u00a0D\u2019autre part, on constatera le relationnel cordial qui anime le rapport des diff\u00e9rents intervenants, \u00e0 tel point que les uns et les autres se donnent la peine de se faire aider dans la solidarit\u00e9 collective. En d\u00e9pit de l\u2019effectif \u00e9lev\u00e9 de l\u2019\u00e9tablissement, connu depuis d\u00e9j\u00e0 belle lurette par la surpopulation, all\u00e9g\u00e9e de plus en plus par la r\u00e9action de ses pareils un peu partout sur les r\u00e9gions du sud, on n\u2019est point boulevers\u00e9 par les frictions ethniques ou culturelles qui ont branl\u00e9 par le pass\u00e9 l\u2019esplanade de la facult\u00e9. A pr\u00e9sent, on a l\u2019impression que toutes les expressions estudiantines, aux aspects politiques et id\u00e9ologiques entre les clans amazigh, sahraoui, radical ou autres se passent dans le respect de l\u2019autre, sans aucun incident, contrairement \u00e0 celles men\u00e9es \u00e0 l\u2019\u00e9poque\u2026Il faut bien dire que si la facult\u00e9 des lettres d\u2019Agadir s\u2019est profond\u00e9ment mut\u00e9e vers le meilleur, le m\u00e9rite revient bel et bien, \u00e0 son doyen, Dr Ahmed Belcadi et le personnel qui lui ont imprim\u00e9 un style de conduite, fond\u00e9 sur l\u2019entente, la synergie et la symbiose entre toutes les constituantes. \u00ab\u00a0Le style est l\u2019homme\u00a0!\u00a0\u00bb, disait Georges-Louis de Buffon, ce qui incarne parfaitement la vision circonspecte du strat\u00e8ge, en bons termes avec les multiples composantes de la facult\u00e9\u00a0! \u00a0\u00a0\u00a0\u00a0\u00a0\u00a0\u00a0\u00a0\u00a0\u00a0\u00a0\u00a0\u00a0\u00a0\u00a0<\/p>\n<p>L\u2019article <a rel=\"nofollow\" href=\"http:\/\/albayane.press.ma\/faculte-des-lettres-dagadir-une-fierte.html\">Facult\u00e9 des lettres d\u2019Agadir, une fiert\u00e9 !<\/a> est apparu en premier sur <a rel=\"nofollow\" href=\"http:\/\/albayane.press.ma\/\">ALBAYANE<\/a>.<\/p>\n<\/div>\n<p>Auteur: M&rsquo;hammed rahal<br \/>\n<a href=\"http:\/\/albayane.press.ma\/faculte-des-lettres-dagadir-une-fierte.html\">Cliquez ici pour lire l&rsquo;article depuis sa source.<\/a><\/p>\n","protected":false},"excerpt":{"rendered":"<p>Tout observateur de l\u2019\u00e9volution de la facult\u00e9 des lettres et sciences humaines, relevant de l\u2019universit\u00e9 Ibn Zohr, depuis sa cr\u00e9ation en 1984, rel\u00e8vera sans nulle peine, la transformation salutaire de cet \u00e9tablissement universitaire. D\u2019embl\u00e9e, il constatera l\u2019\u00e9volution resplendissante de ses aspects ext\u00e9rieurs, en mati\u00e8re de texture ornementale de fond en comble o\u00f9 la verdure est [&hellip;]<\/p>\n","protected":false},"author":1760,"featured_media":0,"comment_status":"closed","ping_status":"closed","sticky":false,"template":"","format":"standard","meta":{"fifu_image_url":"","fifu_image_alt":"","footnotes":""},"categories":[73,54],"tags":[],"class_list":["post-133721","post","type-post","status-publish","format-standard","hentry","category-actualite","category-maroc"],"_links":{"self":[{"href":"https:\/\/linitiative.ca\/International\/wp-json\/wp\/v2\/posts\/133721","targetHints":{"allow":["GET"]}}],"collection":[{"href":"https:\/\/linitiative.ca\/International\/wp-json\/wp\/v2\/posts"}],"about":[{"href":"https:\/\/linitiative.ca\/International\/wp-json\/wp\/v2\/types\/post"}],"author":[{"embeddable":true,"href":"https:\/\/linitiative.ca\/International\/wp-json\/wp\/v2\/users\/1760"}],"replies":[{"embeddable":true,"href":"https:\/\/linitiative.ca\/International\/wp-json\/wp\/v2\/comments?post=133721"}],"version-history":[{"count":0,"href":"https:\/\/linitiative.ca\/International\/wp-json\/wp\/v2\/posts\/133721\/revisions"}],"wp:attachment":[{"href":"https:\/\/linitiative.ca\/International\/wp-json\/wp\/v2\/media?parent=133721"}],"wp:term":[{"taxonomy":"category","embeddable":true,"href":"https:\/\/linitiative.ca\/International\/wp-json\/wp\/v2\/categories?post=133721"},{"taxonomy":"post_tag","embeddable":true,"href":"https:\/\/linitiative.ca\/International\/wp-json\/wp\/v2\/tags?post=133721"}],"curies":[{"name":"wp","href":"https:\/\/api.w.org\/{rel}","templated":true}]}}