{"id":133722,"date":"2021-11-22T13:00:00","date_gmt":"2021-11-22T18:00:00","guid":{"rendered":"https:\/\/linitiative.ca\/International\/depart-de-jean-pierre-schumacher-dernier-frere-de-tbhirine\/"},"modified":"2021-11-22T13:00:00","modified_gmt":"2021-11-22T18:00:00","slug":"depart-de-jean-pierre-schumacher-dernier-frere-de-tbhirine","status":"publish","type":"post","link":"https:\/\/linitiative.ca\/International\/depart-de-jean-pierre-schumacher-dernier-frere-de-tbhirine\/","title":{"rendered":"D\u00e9part de Jean Pierre Schumacher, dernier fr\u00e8re de Tbhirine"},"content":{"rendered":"<div>\n<p class=\"has-text-align-center has-vivid-red-color has-text-color\"><strong>D\u00e9c\u00e9d\u00e9 \u00e0 l\u2019\u00e2ge de 97 \u00e0 Midelt<\/strong><\/p>\n<p class=\"has-text-align-right has-black-color has-text-color\"><strong>Mohamed Nait Youssef<\/strong><\/p>\n<p class=\"has-black-color has-text-color\"><strong>Dimanche 21 novembre, la ville de Midelt s\u2019est r\u00e9veill\u00e9e sur une triste nouvelle\u00a0: la mort du dernier fr\u00e8re de Tbhirine, Jean Pierre Schumacher. Il avait 97 ans. Ce dernier \u00e9tait l\u2019un des moines de Tibhirine rescap\u00e9s de la tuerie de 1996, en Alg\u00e9rie. Le film de Xavier Beauvois \u00ab\u00a0Des hommes et des dieux\u00a0\u00bb retrace d\u2019ailleurs cette histoire tragique et douloureuse. Sur la terre marocaine, Jean Pierre Schumacher a retrouv\u00e9 la paix, la lumi\u00e8re et le vivre en commun au monast\u00e8re Notre-Dame de l\u2019Atlas o\u00f9 il a v\u00e9cu jusqu\u2019au dernier jour de sa vie. Discret, comme le veut la tradition, \u00a0ce moine a \u0153uvr\u00e9 \u00e9galement pour la promotion des valeurs de la paix, du partage, de l\u2019hospitalisation et de dialogue. \u00abJ\u2019ai le regret de vous annoncer \u00e0 tous les amis de Notre-Dame de L\u2019Atlas et de Tibhirine que notre cher p\u00e8re Jean Pierre Schumacher nous a quitt\u00e9s pour rejoindre ses chers fr\u00e8res de Tibhirin. Il est parti en paix, comme il l\u2019a \u00e9t\u00e9 toute sa vie. \u00bb, a annonc\u00e9 Jose-Luis Navarro, fr\u00e8re h\u00f4telier au monast\u00e8re Notre-Dame de l\u2019Atlas.<\/strong><\/p>\n<p class=\"has-black-color has-text-color\">Dans la nature fabuleuse de Midelt, sur une petite colline, le monast\u00e8re Notre Dame de l\u2019Atlas, connu par son architecture puis\u00e9 dans le style de la r\u00e9gion, accueille depuis 2000 une petite communaut\u00e9 de moines de l\u2019Ordre cistercien observance (trappistes), issue de Tibhirine en Alg\u00e9rie. Cette communaut\u00e9 a \u00e9t\u00e9 fond\u00e9e en 1988, \u00e0 F\u00e8s. Ce sont en effet deux survivants, \u00e0 savoir Am\u00e9d\u00e9e, mort en 2008, et Jean Pierre Schumacher qui vient de rendre l\u2019\u00e2me, qui ont pu \u00e9chapper au massacre\u00a0 de\u00a0 Tibhirine.<\/p>\n<p class=\"has-black-color has-text-color\">Le monast\u00e8re Notre-Dame de l\u2019Atlas est une adresse contournable des visiteurs de la ville de Midelt. Nich\u00e9 sur une colline, cet espace accueillant est non seulement un lieu de culte mais aussi une demeure pour les \u00e9changes et le dialogue. Jean Pierre Schumacher recevait les visiteurs avec son sourire habituel. Il \u00e9tait\u00a0 pr\u00e8s \u00e0\u00a0 chaque moment de d\u00e9clencher une conversation conviviale et fructueuse. La beaut\u00e9 et l\u2019hospitalit\u00e9 sont les maitres mots des lieux. La vue magnifique sur le Haut Atlas \u00e0 l\u2019horizon coupe le souffle. Ce long b\u00e2timent v\u00eatu de la couleur ocre se compose deux parties ; une partie monastique et une autre en rapport avec l\u2019h\u00f4tellerie. Des constructions annexes renforcent la capacit\u00e9 d\u2019accueil de ce lieu\u00a0: des chapelles d\u00e9di\u00e9es au P\u00e8re de Foucauld et au P\u00e8re Peyrigu\u00e8re, des dortoirs de groupes\u2026 On y trouve aussi un grand jardin et un cimeti\u00e8re des s\u0153urs franciscaines, pr\u00e9c\u00e9dentes occupantes des lieux.<\/p>\n<p>L\u2019article <a rel=\"nofollow\" href=\"http:\/\/albayane.press.ma\/depart-de-jean-pierre-schumacher-dernier-frere-de-tbhirine.html\">D\u00e9part de Jean Pierre Schumacher, dernier fr\u00e8re de Tbhirine<\/a> est apparu en premier sur <a rel=\"nofollow\" href=\"http:\/\/albayane.press.ma\/\">ALBAYANE<\/a>.<\/p>\n<\/div>\n<p>Auteur: M&rsquo;hammed rahal<br \/>\n<a href=\"http:\/\/albayane.press.ma\/depart-de-jean-pierre-schumacher-dernier-frere-de-tbhirine.html\">Cliquez ici pour lire l&rsquo;article depuis sa source.<\/a><\/p>\n","protected":false},"excerpt":{"rendered":"<p>D\u00e9c\u00e9d\u00e9 \u00e0 l\u2019\u00e2ge de 97 \u00e0 Midelt Mohamed Nait Youssef Dimanche 21 novembre, la ville de Midelt s\u2019est r\u00e9veill\u00e9e sur une triste nouvelle\u00a0: la mort du dernier fr\u00e8re de Tbhirine, Jean Pierre Schumacher. Il avait 97 ans. Ce dernier \u00e9tait l\u2019un des moines de Tibhirine rescap\u00e9s de la tuerie de 1996, en Alg\u00e9rie. Le film [&hellip;]<\/p>\n","protected":false},"author":1760,"featured_media":0,"comment_status":"closed","ping_status":"closed","sticky":false,"template":"","format":"standard","meta":{"fifu_image_url":"","fifu_image_alt":"","footnotes":""},"categories":[73,54],"tags":[],"class_list":["post-133722","post","type-post","status-publish","format-standard","hentry","category-actualite","category-maroc"],"_links":{"self":[{"href":"https:\/\/linitiative.ca\/International\/wp-json\/wp\/v2\/posts\/133722","targetHints":{"allow":["GET"]}}],"collection":[{"href":"https:\/\/linitiative.ca\/International\/wp-json\/wp\/v2\/posts"}],"about":[{"href":"https:\/\/linitiative.ca\/International\/wp-json\/wp\/v2\/types\/post"}],"author":[{"embeddable":true,"href":"https:\/\/linitiative.ca\/International\/wp-json\/wp\/v2\/users\/1760"}],"replies":[{"embeddable":true,"href":"https:\/\/linitiative.ca\/International\/wp-json\/wp\/v2\/comments?post=133722"}],"version-history":[{"count":0,"href":"https:\/\/linitiative.ca\/International\/wp-json\/wp\/v2\/posts\/133722\/revisions"}],"wp:attachment":[{"href":"https:\/\/linitiative.ca\/International\/wp-json\/wp\/v2\/media?parent=133722"}],"wp:term":[{"taxonomy":"category","embeddable":true,"href":"https:\/\/linitiative.ca\/International\/wp-json\/wp\/v2\/categories?post=133722"},{"taxonomy":"post_tag","embeddable":true,"href":"https:\/\/linitiative.ca\/International\/wp-json\/wp\/v2\/tags?post=133722"}],"curies":[{"name":"wp","href":"https:\/\/api.w.org\/{rel}","templated":true}]}}