{"id":133790,"date":"2021-11-23T17:38:36","date_gmt":"2021-11-23T22:38:36","guid":{"rendered":"https:\/\/linitiative.ca\/International\/insecurite-dans-la-boucle-du-mouhoun-dedougou-dans-la-rue-pour-soutenir-les-fds\/"},"modified":"2021-11-23T17:38:36","modified_gmt":"2021-11-23T22:38:36","slug":"insecurite-dans-la-boucle-du-mouhoun-dedougou-dans-la-rue-pour-soutenir-les-fds","status":"publish","type":"post","link":"https:\/\/linitiative.ca\/International\/insecurite-dans-la-boucle-du-mouhoun-dedougou-dans-la-rue-pour-soutenir-les-fds\/","title":{"rendered":"Ins\u00e9curit\u00e9 dans la Boucle  du Mouhoun  : D\u00e9dougou dans la rue pour soutenir les FDS"},"content":{"rendered":"<div>\n<p><strong>La population de D\u00e9dougou s\u2019est mobilis\u00e9e, le mardi 23 novembre 2021, pour une marche de soutien aux Forces de d\u00e9fense et s\u00e9curit\u00e9 (FDS).<\/strong><\/p>\n<figure id=\"attachment_42486\" aria-describedby=\"caption-attachment-42486\" style=\"width: 281px\" class=\"wp-caption alignleft\"><img decoding=\"async\" loading=\"lazy\" class=\"wp-image-42486 size-medium\" src=\"https:\/\/linitiative.ca\/International\/wp-content\/uploads\/sites\/23\/2021\/11\/2-28-281x300-1.jpg\" alt=\"\" width=\"281\" height=\"300\" srcset=\"https:\/\/linitiative.ca\/International\/wp-content\/uploads\/sites\/23\/2021\/11\/2-28-281x300-1.jpg 281w, https:\/\/www.sidwaya.info\/wp-content\/uploads\/2021\/11\/2-28-150x160.jpg 150w, https:\/\/www.sidwaya.info\/wp-content\/uploads\/2021\/11\/2-28-300x320.jpg 300w, https:\/\/www.sidwaya.info\/wp-content\/uploads\/2021\/11\/2-28-393x420.jpg 393w, https:\/\/www.sidwaya.info\/wp-content\/uploads\/2021\/11\/2-28.jpg 557w\" sizes=\"auto, (max-width: 281px) 100vw, 281px\"><figcaption id=\"caption-attachment-42486\" class=\"wp-caption-text\">Le porte-parole des marcheurs, Cheick Omar Kon\u00e9 : \u00ab Nous ne demandons pas la d\u00e9mission du Pr\u00e9sident. Nous ne voulons que la bonne gouvernance \u00bb.<\/figcaption><\/figure>\n<p>Des populations de D\u00e9dougou appellent le gouvernement \u00e0 prendre des mesures fortes pour assurer leur s\u00e9curit\u00e9 et celle de leurs biens. Elles l\u2019ont fait savoir ce mardi 23 novembre 2021, \u00e0 travers une marche spontan\u00e9e dans les diff\u00e9rentes art\u00e8res de la ville. Au haut-commissariat, aucune autorit\u00e9 ne s\u2019est pr\u00e9sent\u00e9e pour recevoir la d\u00e9claration des \u00ab alli\u00e9s des FDS \u00bb. Mais, selon leur document dont nous avons obtenu une copie, les manifestants invitent les populations des villes et des campagnes \u00e0 dire \u00ab non \u00e0 un coup d\u2019Etat \u00bb mais, \u00e0 mettre en place des comit\u00e9s de vigilance dans les secteurs et les villages pour faire face \u00e0 l\u2019ins\u00e9curit\u00e9 grandissante.<\/p>\n<p>\u00ab L\u2019avanc\u00e9e des terroristes ces derniers temps dans des villages situ\u00e9s \u00e0 moins de 30 km de D\u00e9dougou fait dire aux populations que l\u2019\u00e9tau se resserre sur la capitale de la r\u00e9gion. La population vit dans la psychose et attend une protection \u00bb, peut-on lire dans le document. C\u2019est pourquoi, les manifestants ont invit\u00e9 tous les Burkinab\u00e8 \u00e0 soutenir toutes les initiatives qui seront d\u00e9velopp\u00e9es par les populations de la Boucle du Mouhoun afin de faire face \u00e0 l\u2019ins\u00e9curit\u00e9, \u00ab au lieu de demander la d\u00e9mission du pr\u00e9sident du Faso \u00bb.<\/p>\n<p>\u00ab Nous ne demandons pas la d\u00e9mission du pr\u00e9sident du Faso. Nous sommes d\u2019ailleurs contre les coups d\u2019Etat. Nous ne voulons que la bonne gouvernance \u00bb, a soutenu Cheick Omar Kon\u00e9, porte-parole des marcheurs avant d\u2019exiger de meilleures conditions de vie et des \u00e9quipements pour les Forces de d\u00e9fense et de s\u00e9curit\u00e9 (FDS). \u00ab Nous sommes d\u00e9pass\u00e9s par les \u00e9v\u00e8nements. Nos fr\u00e8res FDS sont en train de mourir sur le champ des combats comme des poulets. Nous ne sommes pas d\u2019accord. Ce qui nous remonte le plus, c\u2019est que la faim les tenaille sur le terrain. C\u2019est honteux pour une arm\u00e9e nationale \u00bb, a regrett\u00e9 M. Kon\u00e9. Les manifestants de D\u00e9dougou pointent \u00e9galement un doigt accusateur \u00e0 l\u2019arm\u00e9e fran\u00e7aise qui, selon eux, est le chef d\u2019orchestre des attaques terroristes au Sahel. \u00ab Nous pensons que c\u2019est l\u2019arm\u00e9e fran\u00e7aise qui contribue \u00e0 aggraver l\u2019ins\u00e9curit\u00e9 dans notre pays \u00bb, a laiss\u00e9 entendre le porte-parole des marcheurs.<\/p>\n<p style=\"text-align: right\"><strong>Adama SEDGO<\/strong><\/p>\n<p style=\"text-align: right\">\n<p>L\u2019article <a rel=\"nofollow\" href=\"https:\/\/www.sidwaya.info\/blog\/2021\/11\/23\/insecurite-dans-la-boucle-du-mouhoun-dedougou-dans-la-rue-pour-soutenir-les-fds\/\">Ins\u00e9curit\u00e9 dans la Boucle  du Mouhoun  : D\u00e9dougou dans la rue pour soutenir les FDS<\/a> est apparu en premier sur <a rel=\"nofollow\" href=\"https:\/\/www.sidwaya.info\/\">Quotidien Sidwaya<\/a>.<\/p>\n<\/div>\n<p>Auteur: JK. Sidwaya<br \/>\n<a href=\"https:\/\/www.sidwaya.info\/blog\/2021\/11\/23\/insecurite-dans-la-boucle-du-mouhoun-dedougou-dans-la-rue-pour-soutenir-les-fds\/\">Cliquez ici pour lire l&rsquo;article depuis sa source.<\/a><\/p>\n","protected":false},"excerpt":{"rendered":"<p>La population de D\u00e9dougou s\u2019est mobilis\u00e9e, le mardi 23 novembre 2021, pour une marche de soutien aux Forces de d\u00e9fense et s\u00e9curit\u00e9 (FDS). Le porte-parole des marcheurs, Cheick Omar Kon\u00e9 : \u00ab Nous ne demandons pas la d\u00e9mission du Pr\u00e9sident. Nous ne voulons que la bonne gouvernance \u00bb. Des populations de D\u00e9dougou appellent le gouvernement [&hellip;]<\/p>\n","protected":false},"author":1816,"featured_media":0,"comment_status":"closed","ping_status":"closed","sticky":false,"template":"","format":"standard","meta":{"fifu_image_url":"https:\/\/www.sidwaya.info\/wp-content\/uploads\/2021\/11\/2-28-281x300.jpg","fifu_image_alt":"Ins\u00e9curit\u00e9 dans la Boucle  du Mouhoun  : D\u00e9dougou dans la rue pour soutenir les FDS","footnotes":""},"categories":[73,81],"tags":[],"class_list":["post-133790","post","type-post","status-publish","format-standard","hentry","category-actualite","category-burkina-faso"],"_links":{"self":[{"href":"https:\/\/linitiative.ca\/International\/wp-json\/wp\/v2\/posts\/133790","targetHints":{"allow":["GET"]}}],"collection":[{"href":"https:\/\/linitiative.ca\/International\/wp-json\/wp\/v2\/posts"}],"about":[{"href":"https:\/\/linitiative.ca\/International\/wp-json\/wp\/v2\/types\/post"}],"author":[{"embeddable":true,"href":"https:\/\/linitiative.ca\/International\/wp-json\/wp\/v2\/users\/1816"}],"replies":[{"embeddable":true,"href":"https:\/\/linitiative.ca\/International\/wp-json\/wp\/v2\/comments?post=133790"}],"version-history":[{"count":0,"href":"https:\/\/linitiative.ca\/International\/wp-json\/wp\/v2\/posts\/133790\/revisions"}],"wp:attachment":[{"href":"https:\/\/linitiative.ca\/International\/wp-json\/wp\/v2\/media?parent=133790"}],"wp:term":[{"taxonomy":"category","embeddable":true,"href":"https:\/\/linitiative.ca\/International\/wp-json\/wp\/v2\/categories?post=133790"},{"taxonomy":"post_tag","embeddable":true,"href":"https:\/\/linitiative.ca\/International\/wp-json\/wp\/v2\/tags?post=133790"}],"curies":[{"name":"wp","href":"https:\/\/api.w.org\/{rel}","templated":true}]}}