{"id":133806,"date":"2021-11-23T15:18:02","date_gmt":"2021-11-23T20:18:02","guid":{"rendered":"https:\/\/linitiative.ca\/International\/conflit-au-tigre-abiy-ahmed-est-il-pret-pour-le-champ-de-bataille\/"},"modified":"2021-11-23T15:18:02","modified_gmt":"2021-11-23T20:18:02","slug":"conflit-au-tigre-abiy-ahmed-est-il-pret-pour-le-champ-de-bataille","status":"publish","type":"post","link":"https:\/\/linitiative.ca\/International\/conflit-au-tigre-abiy-ahmed-est-il-pret-pour-le-champ-de-bataille\/","title":{"rendered":"Conflit au Tigr\u00e9 : Abiy Ahmed est-il pr\u00eat pour le champ de bataille ?"},"content":{"rendered":"<div>\n<p><img loading=\"lazy\" decoding=\"async\" width=\"960\" height=\"640\" src=\"https:\/\/linitiative.ca\/International\/wp-content\/uploads\/sites\/23\/2021\/11\/16376986824620.jpg\" class=\"attachment-post-thumbnail size-post-thumbnail wp-post-image\" alt=\"\" srcset=\"https:\/\/linitiative.ca\/International\/wp-content\/uploads\/sites\/23\/2021\/11\/16376986824620.jpg 960w, https:\/\/www.journalducameroun.com\/wp-content\/uploads\/2021\/11\/16376986824620-300x200.jpg 300w, https:\/\/www.journalducameroun.com\/wp-content\/uploads\/2021\/11\/16376986824620-768x512.jpg 768w, https:\/\/www.journalducameroun.com\/wp-content\/uploads\/2021\/11\/16376986824620-660x440.jpg 660w, https:\/\/www.journalducameroun.com\/wp-content\/uploads\/2021\/11\/16376986824620-600x400.jpg 600w\" sizes=\"auto, (max-width: 960px) 100vw, 960px\"><\/p>\n<p>Le Premier ministre \u00e9thiopien, pour barrer la route aux rebelles d\u00e9termin\u00e9s \u00e0 s&#8217;emparer d&rsquo;Addis Abeba, a pris la direction des op\u00e9rations. Un pari risqu\u00e9.Abiy Ahmed, dans un communiqu\u00e9 visant \u00e0 convaincre ses concitoyens de la n\u00e9cessit\u00e9 de d\u00e9fendre l&rsquo;\u00c9thiopie contre \u00ab les actes d&rsquo;agression qui menacent sa souverainet\u00e9 \u00bb, a d\u00e9clar\u00e9 qu&rsquo;il montrerait l&rsquo;exemple.<\/p>\n<p>Le laur\u00e9at du prix Nobel de la paix 2019 serait donc dispos\u00e9 \u00e0 endosser l&rsquo;uniforme de chef de guerre contre le Front populaire de lib\u00e9ration du Tigr\u00e9 (TPLF) et le Front de lib\u00e9ration oromo (OLF).<\/p>\n<p>Les forces f\u00e9d\u00e9rales \u00e9thiopiennes, qui jouissaient par le pass\u00e9 d&rsquo;une solide r\u00e9putation dans toute l&rsquo;Afrique, semblent avoir perdu l&rsquo;initiative militaire. Les rebelles ont r\u00e9cemment pris le contr\u00f4le de Shewa Robit, une ville situ\u00e9e \u00e0 220 kilom\u00e8tres au Nord d&rsquo;Addis Abeba, ouvrant ainsi un acc\u00e8s direct \u00e0 la capitale \u00e9thiopienne.<\/p>\n<p>L&rsquo;arm\u00e9e f\u00e9d\u00e9rale soutient que la r\u00e9alit\u00e9 du terrain est tout autre car \u00ab le succ\u00e8s spectaculaire des rebelles \u00bb serait juste une \u00ab propagande \u00bb savamment orchestr\u00e9e. Sur le champ de bataille, les troupes \u00e9thiopiennes disent tout simplement avoir abandonn\u00e9 des positions militaires non strat\u00e9giques.<\/p>\n<p>Hier lundi, Abiy Ahmed a affirm\u00e9 sur les r\u00e9seaux sociaux qu&rsquo;il va \u00ab diriger les forces de d\u00e9fense \u00bb, non sans inviter les \u00c9thiopiens valides \u00e0 d\u00e9fendre la patrie en le rejoignant sur la ligne de front.<\/p>\n<p>Pour de nombreux observateurs, le Premier ministre est responsable du manque de dynamisme de l&rsquo;arm\u00e9e r\u00e9guli\u00e8re. La d\u00e9cision du Premier ministre de participer personnellement \u00e0 ce que son gouvernement appelle une \u00ab guerre existentielle pour sauver l&rsquo;\u00e2me de l&rsquo;\u00c9thiopie \u00bb suscite des r\u00e9actions mitig\u00e9es dans son pays.<\/p>\n<p>Les soutiens d&rsquo;Abiy Ahmed rappellent qu&rsquo;il a servi comme soldat pendant la guerre contre l&rsquo;\u00c9rythr\u00e9e voisine entre 1998 et 2000 d&rsquo;o\u00f9 son grade de lieutenant-colonel. Durant ce conflit ayant fait des dizaines de milliers de morts dans les deux camps, l&rsquo;actuel Premier ministre \u00e9thiopien aurait eu \u00ab une attitude courageuse \u00bb.<\/p>\n<p>Pour d&rsquo;aucuns, Abiy Ahmed veut simplement apparaitre sur le champ de bataille afin de remonter le moral de ses commandants. Il ne serait pas le premier dirigeant \u00e0 jouer ainsi son va-tout. En avril dernier, le pr\u00e9sident tchadien Idris Deby est mort dans une escarmouche entre les troupes gouvernementales et des rebelles venus de la Libye.<\/p>\n<p>Getachew Reda, le porte-parole du TPLF, consid\u00e8re la promesse d&rsquo;Abiy Ahmed comme de \u00ab la poudre aux yeux \u00bb qui n&rsquo;arr\u00eatera pas leur combat pour lib\u00e9rer le reste de l&rsquo;\u00c9thiopie. Jusque-l\u00e0, les appels au cessez-le-feu de l&rsquo;Union africaine (UA) sont rest\u00e9s lettre morte.<\/p>\n<p>Cet article <a rel=\"nofollow\" href=\"https:\/\/www.journalducameroun.com\/conflit-au-tigre-abiy-ahmed-est-il-pret-pour-le-champ-de-bataille\/\">Conflit au Tigr\u00e9 : Abiy Ahmed est-il pr\u00eat pour le champ de bataille ?<\/a> est apparu en premier sur <a rel=\"nofollow\" href=\"https:\/\/www.journalducameroun.com\/\">Journal du Cameroun<\/a>.<\/p>\n<\/div>\n<p>Auteur: APA News<br \/>\n<a href=\"https:\/\/www.journalducameroun.com\/conflit-au-tigre-abiy-ahmed-est-il-pret-pour-le-champ-de-bataille\/\">Cliquez ici pour lire l&rsquo;article depuis sa source.<\/a><\/p>\n","protected":false},"excerpt":{"rendered":"<p>Le Premier ministre \u00e9thiopien, pour barrer la route aux rebelles d\u00e9termin\u00e9s \u00e0 s&#8217;emparer d&rsquo;Addis Abeba, a pris la direction des op\u00e9rations. Un pari risqu\u00e9.Abiy Ahmed, dans un communiqu\u00e9 visant \u00e0 convaincre ses concitoyens de la n\u00e9cessit\u00e9 de d\u00e9fendre l&rsquo;\u00c9thiopie contre \u00ab les actes d&rsquo;agression qui menacent sa souverainet\u00e9 \u00bb, a d\u00e9clar\u00e9 qu&rsquo;il montrerait l&rsquo;exemple. Le [&hellip;]<\/p>\n","protected":false},"author":1965,"featured_media":0,"comment_status":"closed","ping_status":"closed","sticky":false,"template":"","format":"standard","meta":{"fifu_image_url":"https:\/\/www.journalducameroun.com\/wp-content\/uploads\/2021\/11\/16376986824620.jpg","fifu_image_alt":"Conflit au Tigr\u00e9 : Abiy Ahmed est-il pr\u00eat pour le champ de bataille ?","footnotes":""},"categories":[73,82],"tags":[],"class_list":["post-133806","post","type-post","status-publish","format-standard","hentry","category-actualite","category-cameroun"],"_links":{"self":[{"href":"https:\/\/linitiative.ca\/International\/wp-json\/wp\/v2\/posts\/133806","targetHints":{"allow":["GET"]}}],"collection":[{"href":"https:\/\/linitiative.ca\/International\/wp-json\/wp\/v2\/posts"}],"about":[{"href":"https:\/\/linitiative.ca\/International\/wp-json\/wp\/v2\/types\/post"}],"author":[{"embeddable":true,"href":"https:\/\/linitiative.ca\/International\/wp-json\/wp\/v2\/users\/1965"}],"replies":[{"embeddable":true,"href":"https:\/\/linitiative.ca\/International\/wp-json\/wp\/v2\/comments?post=133806"}],"version-history":[{"count":0,"href":"https:\/\/linitiative.ca\/International\/wp-json\/wp\/v2\/posts\/133806\/revisions"}],"wp:attachment":[{"href":"https:\/\/linitiative.ca\/International\/wp-json\/wp\/v2\/media?parent=133806"}],"wp:term":[{"taxonomy":"category","embeddable":true,"href":"https:\/\/linitiative.ca\/International\/wp-json\/wp\/v2\/categories?post=133806"},{"taxonomy":"post_tag","embeddable":true,"href":"https:\/\/linitiative.ca\/International\/wp-json\/wp\/v2\/tags?post=133806"}],"curies":[{"name":"wp","href":"https:\/\/api.w.org\/{rel}","templated":true}]}}