{"id":133828,"date":"2021-11-23T13:00:00","date_gmt":"2021-11-23T18:00:00","guid":{"rendered":"https:\/\/linitiative.ca\/International\/le-pps-demande-la-reunion-de-la-commission-de-lenseignement-a-la-chambre-des-representants\/"},"modified":"2021-11-23T13:00:00","modified_gmt":"2021-11-23T18:00:00","slug":"le-pps-demande-la-reunion-de-la-commission-de-lenseignement-a-la-chambre-des-representants","status":"publish","type":"post","link":"https:\/\/linitiative.ca\/International\/le-pps-demande-la-reunion-de-la-commission-de-lenseignement-a-la-chambre-des-representants\/","title":{"rendered":"Le PPS demande la r\u00e9union de la commission de l\u2019enseignement \u00e0 la Chambre des Repr\u00e9sentants"},"content":{"rendered":"<div>\n<p class=\"has-text-align-center has-vivid-cyan-blue-color has-text-color\"><strong>Recrutement des enseignants contractuels<\/strong><\/p>\n<p class=\"has-text-align-right has-black-color has-text-color\"><strong>M\u2019Barek TAFSI<\/strong><\/p>\n<p class=\"has-text-align-left has-black-color has-text-color\"><strong>Au lendemain des manifestations organis\u00e9es durant le week-end dernier pour protester contre les conditions \u00ab\u00a0ill\u00e9gales, discriminatoires et injustes\u00a0\u00bb impos\u00e9es cette ann\u00e9e aux candidats au concours de recrutement des enseignants et cadres administratifs des AREF (acad\u00e9mies r\u00e9gionales d\u2019\u00e9ducation et de formation), le pr\u00e9sident du groupe du progr\u00e8s et du socialisme (GPS) \u00e0 la Chambre des repr\u00e9sentants a adress\u00e9 lundi 22 novembre une question orale au ministre de l\u2019\u00c9ducation nationale, du Pr\u00e9scolaire et des Sports lui demandant de r\u00e9viser les mesures prises.<\/strong><\/p>\n<p class=\"has-text-align-left has-black-color has-text-color\">Rachid Hamouni a \u00e9galement demand\u00e9 le m\u00eame jour par \u00e9crit au pr\u00e9sident de la commission de l\u2019enseignement, de la culture et de la communication \u00e0 la Chambre des Repr\u00e9sentants de convoquer une r\u00e9union de sa commission dans les plus brefs d\u00e9lais pour d\u00e9battre de la question dans le but de rendre justice \u00e0 cette cat\u00e9gorie de dipl\u00f4m\u00e9s en qu\u00eate d\u2019emploi, victimes d\u2019un traitement discriminatoire pour leur \u00e2ge.<\/p>\n<p class=\"has-text-align-left has-black-color has-text-color\">Outre la grogne et les manifestations organis\u00e9es pour protester contre ces mesures, de nombreuses organisations de la soci\u00e9t\u00e9 civile dont la Jeunesse socialiste, une organisation parall\u00e8le du Parti du Progr\u00e8s et du Socialisme, et le Gouvernement Parall\u00e8le les ont d\u00e9nonc\u00e9es.<\/p>\n<p class=\"has-text-align-left has-black-color has-text-color\">Voici ci-apr\u00e8s la traduction de la question orale d\u2019actualit\u00e9 adress\u00e9e lundi 22 novembre 2021 au ministre de l\u2019\u00c9ducation nationale, du Pr\u00e9scolaire et des Sports, Chakib Benmoussa par le pr\u00e9sident du GPS Rachid Hamouni\u00a0:<\/p>\n<p class=\"has-text-align-left has-black-color has-text-color\"><strong>\u00ab\u00a0Les acad\u00e9mies r\u00e9gionales d\u2019\u00e9ducation et de formation ont annonc\u00e9 l\u2019organisation du concours de recrutement des enseignants et des cadres administratifs, \u00e9ducatifs et sociaux suivant de nouvelles conditions dont une concerne l\u2019\u00e2ge.<\/strong><\/p>\n<p class=\"has-text-align-left has-black-color has-text-color\"><strong>C\u2019est ainsi que l\u2019\u00e2ge maximum requis du candidat \u00e0 ce concours est d\u00e9sormais fix\u00e9 \u00e0 30 ans.<\/strong><\/p>\n<p class=\"has-text-align-left has-black-color has-text-color\"><strong>Une proc\u00e9dure de pr\u00e9s\u00e9lection au concours \u00e9crit a \u00e9t\u00e9 \u00e9galement pr\u00e9vue.<\/strong><\/p>\n<p class=\"has-text-align-left has-black-color has-text-color\"><strong>Toutes ces mesures constituent une violation flagrante des lois et des textes r\u00e9glementaires en vigueur dans la fonction publique, en particulier les dispositions qui fixent \u00e0 45 ans l\u2019\u00e2ge maximum requis d\u2019acc\u00e8s \u00e0 la fonction publique. Il s\u2019agit en effet d\u2019une mesure discriminatoire et injuste \u00e0 l\u2019encontre d\u2019une large cat\u00e9gorie des dipl\u00f4m\u00e9-es sup\u00e9rieurs en ch\u00f4mage qui repr\u00e9sentent 18%, dans une situation marqu\u00e9e par la raret\u00e9 des postes budg\u00e9taires.<\/strong><\/p>\n<p class=\"has-text-align-left has-black-color has-text-color\"><strong>Il faut noter \u00e0 ce sujet que les concours de recrutement r\u00e9gional, organis\u00e9s sans conditions, de 2017 \u00e0 2021 dans le secteur de l\u2019\u00e9ducation nationale ont permis le recrutement de plus de 100.000 enseignantes et enseignants. Ce sont des concours qui ont \u00e9t\u00e9 organis\u00e9s dans le respect des principes de l\u2019\u00e9galit\u00e9 des chances et de l\u2019\u00e9galit\u00e9 entre l\u2019ensemble des candidates et des candidats, ce qui est loin d\u2019\u00eatre le cas maintenant.<\/strong><\/p>\n<p class=\"has-text-align-left has-black-color has-text-color\"><strong>Les mesures pr\u00e9vues ont suscit\u00e9 le m\u00e9contentement de larges cat\u00e9gories des dipl\u00f4m\u00e9s sup\u00e9rieurs qui fondent leurs espoirs sur ces concours.<\/strong><\/p>\n<p class=\"has-text-align-left has-black-color has-text-color\"><strong>C\u2019est pourquoi, monsieur le ministre, nous vous interrogeons au sujet des mesures et des dispositions que vous allez prendre pour la r\u00e9vision des conditions de participation au concours de recrutement des cadres des AREF, de mani\u00e8re fond\u00e9e sur les principes de l\u2019\u00e9galit\u00e9 des chances et de l\u2019\u00e9galit\u00e9 et dans le respect total des conditions l\u00e9gislatives et r\u00e9glementaires en vigueur dans ce domaine\u00bb.<\/strong><\/p>\n<p>L\u2019article <a rel=\"nofollow\" href=\"http:\/\/albayane.press.ma\/le-pps-demande-la-reunion-de-la-commission-de-lenseignement-a-la-chambre-des-representants.html\">Le PPS demande la r\u00e9union de la commission de l\u2019enseignement \u00e0 la Chambre des Repr\u00e9sentants<\/a> est apparu en premier sur <a rel=\"nofollow\" href=\"http:\/\/albayane.press.ma\/\">ALBAYANE<\/a>.<\/p>\n<\/div>\n<p>Auteur: M&rsquo;hammed rahal<br \/>\n<a href=\"http:\/\/albayane.press.ma\/le-pps-demande-la-reunion-de-la-commission-de-lenseignement-a-la-chambre-des-representants.html\">Cliquez ici pour lire l&rsquo;article depuis sa source.<\/a><\/p>\n","protected":false},"excerpt":{"rendered":"<p>Recrutement des enseignants contractuels M\u2019Barek TAFSI Au lendemain des manifestations organis\u00e9es durant le week-end dernier pour protester contre les conditions \u00ab\u00a0ill\u00e9gales, discriminatoires et injustes\u00a0\u00bb impos\u00e9es cette ann\u00e9e aux candidats au concours de recrutement des enseignants et cadres administratifs des AREF (acad\u00e9mies r\u00e9gionales d\u2019\u00e9ducation et de formation), le pr\u00e9sident du groupe du progr\u00e8s et du socialisme [&hellip;]<\/p>\n","protected":false},"author":1760,"featured_media":0,"comment_status":"closed","ping_status":"closed","sticky":false,"template":"","format":"standard","meta":{"fifu_image_url":"","fifu_image_alt":"","footnotes":""},"categories":[73,54],"tags":[],"class_list":["post-133828","post","type-post","status-publish","format-standard","hentry","category-actualite","category-maroc"],"_links":{"self":[{"href":"https:\/\/linitiative.ca\/International\/wp-json\/wp\/v2\/posts\/133828","targetHints":{"allow":["GET"]}}],"collection":[{"href":"https:\/\/linitiative.ca\/International\/wp-json\/wp\/v2\/posts"}],"about":[{"href":"https:\/\/linitiative.ca\/International\/wp-json\/wp\/v2\/types\/post"}],"author":[{"embeddable":true,"href":"https:\/\/linitiative.ca\/International\/wp-json\/wp\/v2\/users\/1760"}],"replies":[{"embeddable":true,"href":"https:\/\/linitiative.ca\/International\/wp-json\/wp\/v2\/comments?post=133828"}],"version-history":[{"count":0,"href":"https:\/\/linitiative.ca\/International\/wp-json\/wp\/v2\/posts\/133828\/revisions"}],"wp:attachment":[{"href":"https:\/\/linitiative.ca\/International\/wp-json\/wp\/v2\/media?parent=133828"}],"wp:term":[{"taxonomy":"category","embeddable":true,"href":"https:\/\/linitiative.ca\/International\/wp-json\/wp\/v2\/categories?post=133828"},{"taxonomy":"post_tag","embeddable":true,"href":"https:\/\/linitiative.ca\/International\/wp-json\/wp\/v2\/tags?post=133828"}],"curies":[{"name":"wp","href":"https:\/\/api.w.org\/{rel}","templated":true}]}}