{"id":133829,"date":"2021-11-23T13:00:00","date_gmt":"2021-11-23T18:00:00","guid":{"rendered":"https:\/\/linitiative.ca\/International\/devant-le-president-macron-jack-lang-appelle-a-reconnaitre-feu-sm-mohammed-v-un-juste-parmi-les-nations\/"},"modified":"2021-11-23T13:00:00","modified_gmt":"2021-11-23T18:00:00","slug":"devant-le-president-macron-jack-lang-appelle-a-reconnaitre-feu-sm-mohammed-v-un-juste-parmi-les-nations","status":"publish","type":"post","link":"https:\/\/linitiative.ca\/International\/devant-le-president-macron-jack-lang-appelle-a-reconnaitre-feu-sm-mohammed-v-un-juste-parmi-les-nations\/","title":{"rendered":"Devant le Pr\u00e9sident Macron, Jack Lang appelle \u00e0 reconnaitre Feu SM Mohammed V un \u00abJuste parmi les Nations\u00bb"},"content":{"rendered":"<div>\n<p class=\"has-text-align-center has-vivid-cyan-blue-color has-text-color\"><strong>Inauguration \u00e0 l\u2019IMA de l\u2019exposition-\u00e9v\u00e8nement \u00ab\u00a0Les juifs d\u2019Orient, une histoire plurimill\u00e9naire\u00a0\u00bb<\/strong><\/p>\n<p class=\"has-black-color has-text-color\"><strong>Le Pr\u00e9sident de l\u2019Institut du Monde Arabe (IMA), Jack Lang a appel\u00e9 \u00e0 reconnaitre feu SM Mohammed V \u00ab\u00a0Juste parmi les Nations\u00a0\u00bb pour avoir prot\u00e9g\u00e9 la communaut\u00e9 juive durant le r\u00e9gime de Vichy.<\/strong><br \/><strong>\u00ab\u00a0Il est temps que feu SM Mohammed V soit reconnu Juste parmi les Nations\u00a0\u00bb, a affirm\u00e9 M. Lang lors de l\u2019inauguration officielle, lundi, de l\u2019exposition-\u00e9v\u00e8nement \u00ab\u00a0Les juifs d\u2019Orient, une histoire plurimill\u00e9naire\u00a0\u00bb, en pr\u00e9sence du Pr\u00e9sident fran\u00e7ais Emmanuel Macron.<\/strong><\/p>\n<p class=\"has-black-color has-text-color\">\u201cQu\u2019on me permette \u00e0 cet instant d\u2019esp\u00e9rer que l\u2019une des personnalit\u00e9s fortes du monde arabe qui a marqu\u00e9 sa volont\u00e9 permanente du respect de toutes les religions, je pense au Roi Mohammed V, soit enfin reconnu Juste parmi les Nations. On le sait, il a prot\u00e9g\u00e9 les juifs marocains contre le r\u00e9gime de Vichy (..) Rien \u00e0 voir avec la mani\u00e8re dont les juifs d\u2019Alg\u00e9rie ont \u00e9t\u00e9 tortur\u00e9s, enferm\u00e9s, maltrait\u00e9s, rel\u00e9gu\u00e9s par l\u2019abrogation du d\u00e9cret Cr\u00e9mieux\u00a0\u00bb, a affirm\u00e9 M. Lang, devant le pr\u00e9sident Macron et un parterre de personnalit\u00e9s notamment du monde de la politique et de la culture et de repr\u00e9sentants des trois religions monoth\u00e9istes.<\/p>\n<p class=\"has-black-color has-text-color\">Lors du vernissage-presse de l\u2019exposition, le Pr\u00e9sident de l\u2019IMA a d\u00e9clar\u00e9 \u00e0 la MAP qu\u2019il allait adresser aux autorit\u00e9s de Yad Vashem (Institut international pour la m\u00e9moire de la Shoah), une lettre demandant que \u00ab\u00a0le Sultan du Maroc Mohammed V soit proclam\u00e9 juste parmi les Nations, en raison de la protection qu\u2019il accord\u00e9e aux juifs du Maroc face aux autorit\u00e9s de Vichy\u00a0\u00bb.<\/p>\n<p class=\"has-black-color has-text-color\">\u00ab\u00a0Tous les historiens qui ont travaill\u00e9 sur l\u2019histoire des juifs savent \u00e0 quel point feu SM Mohammed V a \u00e9t\u00e9 le protecteur des juifs\u00a0\u00bb, a insist\u00e9 M. Lang, faisant observer qu\u2019il s\u2019agit d\u2019une mani\u00e8re de montrer qu\u2019entre les cultures juive et musulmane \u00ab\u00a0il y a aujourd\u2019hui une sorte d\u2019harmonie qui se construit\u00a0\u00bb.<\/p>\n<p class=\"has-black-color has-text-color\">Lang a tenu \u00e9galement \u00e0 mettre en avant la particularit\u00e9 du Maroc en tant que terre de tol\u00e9rance interreligieuse, de paix, d\u2019entente et du vivre ensemble, rendant un hommage appuy\u00e9 \u00e0 \u00ab\u00a0l\u2019action d\u2019exception pour la culture juive marocaine entreprise par SM le Roi Mohammed VI\u00a0\u00bb.<\/p>\n<p class=\"has-black-color has-text-color\">Il a notamment cit\u00e9 la cons\u00e9cration de la composante h\u00e9bra\u00efque dans le pr\u00e9ambule de la Constitution marocaine, la restauration des sites juifs au Maroc et l\u2019int\u00e9gration de l\u2019enseignement du juda\u00efsme marocain dans les manuels scolaires.<\/p>\n<p class=\"has-black-color has-text-color\">De son c\u00f4t\u00e9, Benjamin Stora a rappel\u00e9 l\u2019existence au Maroc de mus\u00e9es consacr\u00e9s \u00e0 la culture et au patrimoine h\u00e9bra\u00efques, se f\u00e9licitant de la collaboration importante du Maroc \u00e0 l\u2019organisation de cette exposition \u00e0 travers des \u0153uvres uniques issues du Mus\u00e9e de l\u2019Histoire et des civilisations de Rabat.<\/p>\n<p class=\"has-black-color has-text-color\">L\u2019exposition qui s\u2019ouvrira au public mercredi et se poursuivra jusqu\u2019au 13 mars 2022, s\u2019inscrit dans le prolongement des expositions \u00abHajj, le p\u00e8lerinage \u00e0 La Mecque \u00bb en 2014 et \u00abChr\u00e9tiens d\u2019Orient, 2000 ans d\u2019histoire\u00bb en 2017, une trilogie consacr\u00e9e aux religions monoth\u00e9istes dans le monde arabe.<\/p>\n<p class=\"has-black-color has-text-color\">Cet \u00e9v\u00e9nement culturel de port\u00e9e internationale, d\u00e9ploy\u00e9 sur 1100 m\u00e8tres carr\u00e9s, porte un regard in\u00e9dit sur l\u2019histoire plurimill\u00e9naire des communaut\u00e9s juives dans le monde arabe. Du pourtour m\u00e9diterran\u00e9en jusqu\u2019\u00e0 l\u2019Euphrate en passant par la p\u00e9ninsule arabique.<\/p>\n<p class=\"has-black-color has-text-color\">Il explore les multiples facettes de la cohabitation entre juifs et musulmans, des premiers liens tiss\u00e9s entre les tribus juives d\u2019Arabie et le Proph\u00e8te de l\u2019Islam, \u00e0 l\u2019\u00e9mergence des principales figures de la pens\u00e9e juive durant les califats m\u00e9di\u00e9vaux \u00e0 Bagdad, \u00e0 F\u00e8s, au Caire et \u00e0 Cordoue, de l\u2019essor des centres urbains juifs au Maghreb et dans l\u2019empire ottoman aux pr\u00e9mices de l\u2019exil des juifs du monde arabe.<\/p>\n<p class=\"has-black-color has-text-color\">A la lumi\u00e8re de cette mise en perspective historique in\u00e9dite, l\u2019exposition s\u2019attache \u00e0 faire rayonner et \u00e0 pr\u00e9server la m\u00e9moire d\u2019un patrimoine d\u2019une formidable richesse.<\/p>\n<p class=\"has-black-color has-text-color\">Gr\u00e2ce \u00e0 des pr\u00eats d\u2019\u0153uvres issues de collections internationales (France, Angleterre, Maroc, Isra\u00ebl, Etats-Unis, Espagne), l\u2019IMA pr\u00e9sentera des \u0153uvres in\u00e9dites et d\u2019une grande vari\u00e9t\u00e9 de formes : arch\u00e9ologie, manuscrits, peintures, photographies, objets liturgiques et du quotidien et enfin installations audiovisuelles et musicales.<br \/>Autour de l\u2019exposition, dont les \u0153uvres sont issues de collections publiques et priv\u00e9es, le grand public et les sp\u00e9cialistes de l\u2019histoire juive seront au rendez-vous avec des colloques, des conf\u00e9rences et des concerts de musique pour mettre en avant cet h\u00e9ritage partag\u00e9.<\/p>\n<p class=\"has-black-color has-text-color\">L\u2019Acad\u00e9mie du Royaume du Maroc est partenaire de l\u2019exposition et la Fondation nationale des mus\u00e9es a \u00e9galement apport\u00e9 son soutien \u00e0 cet \u00e9v\u00e9nement.<\/p>\n<p>L\u2019article <a rel=\"nofollow\" href=\"http:\/\/albayane.press.ma\/devant-le-president-macron-jack-lang-appelle-a-reconnaitre-feu-sm-mohammed-v-un-juste-parmi-les-nations.html\">Devant le Pr\u00e9sident Macron, Jack Lang appelle \u00e0 reconnaitre Feu SM Mohammed V un \u00abJuste parmi les Nations\u00bb<\/a> est apparu en premier sur <a rel=\"nofollow\" href=\"http:\/\/albayane.press.ma\/\">ALBAYANE<\/a>.<\/p>\n<\/div>\n<p>Auteur: M&rsquo;hammed rahal<br \/>\n<a href=\"http:\/\/albayane.press.ma\/devant-le-president-macron-jack-lang-appelle-a-reconnaitre-feu-sm-mohammed-v-un-juste-parmi-les-nations.html\">Cliquez ici pour lire l&rsquo;article depuis sa source.<\/a><\/p>\n","protected":false},"excerpt":{"rendered":"<p>Inauguration \u00e0 l\u2019IMA de l\u2019exposition-\u00e9v\u00e8nement \u00ab\u00a0Les juifs d\u2019Orient, une histoire plurimill\u00e9naire\u00a0\u00bb Le Pr\u00e9sident de l\u2019Institut du Monde Arabe (IMA), Jack Lang a appel\u00e9 \u00e0 reconnaitre feu SM Mohammed V \u00ab\u00a0Juste parmi les Nations\u00a0\u00bb pour avoir prot\u00e9g\u00e9 la communaut\u00e9 juive durant le r\u00e9gime de Vichy.\u00ab\u00a0Il est temps que feu SM Mohammed V soit reconnu Juste parmi [&hellip;]<\/p>\n","protected":false},"author":1760,"featured_media":0,"comment_status":"closed","ping_status":"closed","sticky":false,"template":"","format":"standard","meta":{"fifu_image_url":"","fifu_image_alt":"","footnotes":""},"categories":[73,54],"tags":[],"class_list":["post-133829","post","type-post","status-publish","format-standard","hentry","category-actualite","category-maroc"],"_links":{"self":[{"href":"https:\/\/linitiative.ca\/International\/wp-json\/wp\/v2\/posts\/133829","targetHints":{"allow":["GET"]}}],"collection":[{"href":"https:\/\/linitiative.ca\/International\/wp-json\/wp\/v2\/posts"}],"about":[{"href":"https:\/\/linitiative.ca\/International\/wp-json\/wp\/v2\/types\/post"}],"author":[{"embeddable":true,"href":"https:\/\/linitiative.ca\/International\/wp-json\/wp\/v2\/users\/1760"}],"replies":[{"embeddable":true,"href":"https:\/\/linitiative.ca\/International\/wp-json\/wp\/v2\/comments?post=133829"}],"version-history":[{"count":0,"href":"https:\/\/linitiative.ca\/International\/wp-json\/wp\/v2\/posts\/133829\/revisions"}],"wp:attachment":[{"href":"https:\/\/linitiative.ca\/International\/wp-json\/wp\/v2\/media?parent=133829"}],"wp:term":[{"taxonomy":"category","embeddable":true,"href":"https:\/\/linitiative.ca\/International\/wp-json\/wp\/v2\/categories?post=133829"},{"taxonomy":"post_tag","embeddable":true,"href":"https:\/\/linitiative.ca\/International\/wp-json\/wp\/v2\/tags?post=133829"}],"curies":[{"name":"wp","href":"https:\/\/api.w.org\/{rel}","templated":true}]}}