{"id":133830,"date":"2021-11-23T13:00:00","date_gmt":"2021-11-23T18:00:00","guid":{"rendered":"https:\/\/linitiative.ca\/International\/le-cri-du-souss-massa-ravive-loffshore\/"},"modified":"2021-11-23T13:00:00","modified_gmt":"2021-11-23T18:00:00","slug":"le-cri-du-souss-massa-ravive-loffshore","status":"publish","type":"post","link":"https:\/\/linitiative.ca\/International\/le-cri-du-souss-massa-ravive-loffshore\/","title":{"rendered":"Le CRI du Souss Massa ravive  l\u2019offshore!"},"content":{"rendered":"<div>\n<p class=\"has-black-color has-text-color\"><strong>R\u00e9cemment, aux somptueux locaux de l\u2019universit\u00e9 internationale d\u2019Agadir, le Conseil R\u00e9gional de l\u2019Investissement du Souss Massa vient de donner du ton au monde de l\u2019entreprise, en cette p\u00e9riode transitoire de l\u2019apr\u00e8s-Covid. En fait, cet organisme institutionnel aussi actif que cr\u00e9atif vient de tenir un point de presse informatif, en collaboration \u00e9troite avec son partenaire de choix qui n\u2019est autre que l\u2019Incubateur Univers Startup et \u00a0Entrepreneur. Cet \u00e9v\u00e9nement auquel ont pris part un parterre de m\u00e9dias r\u00e9gionaux et nationaux, ainsi que les initiateurs de cet exercice, \u00e9tait une occasion id\u00e9ale de lancer \u00abl\u2019Open Innovation Hackatom Souss Massa\u00bb qui ambitionne de promouvoir une issue digitale en direction des op\u00e9rateurs \u00e9conomiques \u00e9voluant dans le domaine de l\u2019offshore et des Nouvelles Technologies de l\u2019Information et de la Communication (NTIC). Cet \u00e9v\u00e9nement au cours duquel les sp\u00e9cialistes en la mati\u00e8re se sont r\u00e9unis autour de ce projet collaboratif de programmation informatique et de cr\u00e9ation num\u00e9rique, vise \u00e0 drainer les acteurs de l\u2019\u00e9cosyst\u00e8me entrepreneurial et les convier \u00e0 prendre part \u00e0 ce labeur de haute facture novatrice dans le but de mettre en avant un climat porteur \u00e0 l\u2019invention et la d\u00e9couverte. Ce serait \u00e9galement une aubaine de rassembler du 19 au 22 novembre au Technipatk de la capitale du Souss, une cinquantaine de contributeurs \u00e9manant d\u2019une quinzaine de groupes tri\u00e9s \u00e0 cet effet, accompagn\u00e9s d\u2019experts orientateurs de la soci\u00e9t\u00e9 Orange Maroc, fort \u00e9paul\u00e9s par l\u2019Incubateurs Univers Entrpteneurs et Startup. Ces \u00e9quipes b\u00e9n\u00e9ficient de 72 heures pour mettre en \u0153uvre un \u00e9chantillon de plateforme digitale qui faciliterait l\u2019identification des espaces d\u2019accueil et d\u2019h\u00e9bergement, ainsi que des ouvertures de gestion appropri\u00e9es aux attentes des ressources humaines. Les quinze groupes sont alors convi\u00e9s \u00e0 puiser les solutions face \u00e0 un jury et les trois premi\u00e8res \u00e9quipes auront \u00e0 exercer un canevas d\u2019accompagnement post-hackaton au terme duquel le tram gagnant jouira d\u2019un fonds d\u2019amor\u00e7age au d\u00e9veloppement de la plateforme. Le CRI donne encore une fois, la preuve de son engagement volontariste de tonifier de plus belle l\u2019un des secteurs pionniers en mati\u00e8re de l\u2019offshoring au service en particulier de la d\u00e9clinaison r\u00e9gionale du Plan d\u2019Acc\u00e9l\u00e9ration Industrielle. Cet \u00e9lan qui fait de la ville un r\u00e9el chantier d\u2019essor multidimensionnel autour des nouvelles technologies et du digital, en vue de combler les aspirations incessantes des investisseurs et de l\u2019\u00e9cosyst\u00e8me. Il va sans dire que, depuis d\u00e9j\u00e0 ces derni\u00e8res ann\u00e9es, le CRI du Souss Massa, anim\u00e9 par une volont\u00e9 ardente de se porter utilitaire \u00e0 souhait \u00e0 la dynamique soutenue de la r\u00e9gion, s\u2019installe fonci\u00e8rement au c\u0153ur de cet \u00e9difice ambitieux aux maintes dimensions d\u00e9veloppementales.<\/strong><\/p>\n<p>L\u2019article <a rel=\"nofollow\" href=\"http:\/\/albayane.press.ma\/le-cri-du-souss-massa-ravive-loffshore.html\">Le CRI du Souss Massa ravive  l\u2019offshore!<\/a> est apparu en premier sur <a rel=\"nofollow\" href=\"http:\/\/albayane.press.ma\/\">ALBAYANE<\/a>.<\/p>\n<\/div>\n<p>Auteur: M&rsquo;hammed rahal<br \/>\n<a href=\"http:\/\/albayane.press.ma\/le-cri-du-souss-massa-ravive-loffshore.html\">Cliquez ici pour lire l&rsquo;article depuis sa source.<\/a><\/p>\n","protected":false},"excerpt":{"rendered":"<p>R\u00e9cemment, aux somptueux locaux de l\u2019universit\u00e9 internationale d\u2019Agadir, le Conseil R\u00e9gional de l\u2019Investissement du Souss Massa vient de donner du ton au monde de l\u2019entreprise, en cette p\u00e9riode transitoire de l\u2019apr\u00e8s-Covid. En fait, cet organisme institutionnel aussi actif que cr\u00e9atif vient de tenir un point de presse informatif, en collaboration \u00e9troite avec son partenaire de [&hellip;]<\/p>\n","protected":false},"author":1760,"featured_media":0,"comment_status":"closed","ping_status":"closed","sticky":false,"template":"","format":"standard","meta":{"fifu_image_url":"","fifu_image_alt":"","footnotes":""},"categories":[73,54],"tags":[],"class_list":["post-133830","post","type-post","status-publish","format-standard","hentry","category-actualite","category-maroc"],"_links":{"self":[{"href":"https:\/\/linitiative.ca\/International\/wp-json\/wp\/v2\/posts\/133830","targetHints":{"allow":["GET"]}}],"collection":[{"href":"https:\/\/linitiative.ca\/International\/wp-json\/wp\/v2\/posts"}],"about":[{"href":"https:\/\/linitiative.ca\/International\/wp-json\/wp\/v2\/types\/post"}],"author":[{"embeddable":true,"href":"https:\/\/linitiative.ca\/International\/wp-json\/wp\/v2\/users\/1760"}],"replies":[{"embeddable":true,"href":"https:\/\/linitiative.ca\/International\/wp-json\/wp\/v2\/comments?post=133830"}],"version-history":[{"count":0,"href":"https:\/\/linitiative.ca\/International\/wp-json\/wp\/v2\/posts\/133830\/revisions"}],"wp:attachment":[{"href":"https:\/\/linitiative.ca\/International\/wp-json\/wp\/v2\/media?parent=133830"}],"wp:term":[{"taxonomy":"category","embeddable":true,"href":"https:\/\/linitiative.ca\/International\/wp-json\/wp\/v2\/categories?post=133830"},{"taxonomy":"post_tag","embeddable":true,"href":"https:\/\/linitiative.ca\/International\/wp-json\/wp\/v2\/tags?post=133830"}],"curies":[{"name":"wp","href":"https:\/\/api.w.org\/{rel}","templated":true}]}}