{"id":133854,"date":"2021-11-24T10:30:28","date_gmt":"2021-11-24T15:30:28","guid":{"rendered":"https:\/\/linitiative.ca\/International\/culture-le-maroc-et-litalie-veulent-consolider-leur-cooperation\/"},"modified":"2021-11-24T10:30:28","modified_gmt":"2021-11-24T15:30:28","slug":"culture-le-maroc-et-litalie-veulent-consolider-leur-cooperation","status":"publish","type":"post","link":"https:\/\/linitiative.ca\/International\/culture-le-maroc-et-litalie-veulent-consolider-leur-cooperation\/","title":{"rendered":"Culture: Le Maroc et l\u2019Italie veulent consolider leur coop\u00e9ration"},"content":{"rendered":"<div>\n<div class=\"field field-name-body field-type-text-with-summary field-label-hidden\">\n<div class=\"field-items\">\n<div class=\"field-item even\" property=\"content:encoded\">\n<p class=\"rtejustify\">Le Maroc et l\u2019Italie entendent renforcer leur coop\u00e9ration dans le domaine de la culture. Ce mercredi, l\u2019ambassadeur d\u2019Italie au Maroc, Armando Barucco, a rencontr\u00e9 le ministre de la Jeunesse, de la Culture et de la Communication, Mehdi Bensaid, pour \u00e9changer sur l\u2019\u00e9tat de la coop\u00e9ration culturelle italo-marocaine et la pr\u00e9servation du patrimoine historique du Royaume.<\/p>\n<\/div>\n<\/div>\n<\/div>\n<\/div>\n<p>Auteur: mbasraoui<br \/>\n<a href=\"https:\/\/www.leconomiste.com\/flash-infos\/culture-le-maroc-et-l-italie-veulent-consolider-leur-cooperation\">Cliquez ici pour lire l&rsquo;article depuis sa source.<\/a><\/p>\n","protected":false},"excerpt":{"rendered":"<p>Le Maroc et l\u2019Italie entendent renforcer leur coop\u00e9ration dans le domaine de la culture. Ce mercredi, l\u2019ambassadeur d\u2019Italie au Maroc, Armando Barucco, a rencontr\u00e9 le ministre de la Jeunesse, de la Culture et de la Communication, Mehdi Bensaid, pour \u00e9changer sur l\u2019\u00e9tat de la coop\u00e9ration culturelle italo-marocaine et la pr\u00e9servation du patrimoine historique du Royaume. [&hellip;]<\/p>\n","protected":false},"author":1763,"featured_media":0,"comment_status":"closed","ping_status":"closed","sticky":false,"template":"","format":"standard","meta":{"fifu_image_url":"","fifu_image_alt":"","footnotes":""},"categories":[78,54],"tags":[],"class_list":["post-133854","post","type-post","status-publish","format-standard","hentry","category-economie","category-maroc"],"_links":{"self":[{"href":"https:\/\/linitiative.ca\/International\/wp-json\/wp\/v2\/posts\/133854","targetHints":{"allow":["GET"]}}],"collection":[{"href":"https:\/\/linitiative.ca\/International\/wp-json\/wp\/v2\/posts"}],"about":[{"href":"https:\/\/linitiative.ca\/International\/wp-json\/wp\/v2\/types\/post"}],"author":[{"embeddable":true,"href":"https:\/\/linitiative.ca\/International\/wp-json\/wp\/v2\/users\/1763"}],"replies":[{"embeddable":true,"href":"https:\/\/linitiative.ca\/International\/wp-json\/wp\/v2\/comments?post=133854"}],"version-history":[{"count":0,"href":"https:\/\/linitiative.ca\/International\/wp-json\/wp\/v2\/posts\/133854\/revisions"}],"wp:attachment":[{"href":"https:\/\/linitiative.ca\/International\/wp-json\/wp\/v2\/media?parent=133854"}],"wp:term":[{"taxonomy":"category","embeddable":true,"href":"https:\/\/linitiative.ca\/International\/wp-json\/wp\/v2\/categories?post=133854"},{"taxonomy":"post_tag","embeddable":true,"href":"https:\/\/linitiative.ca\/International\/wp-json\/wp\/v2\/tags?post=133854"}],"curies":[{"name":"wp","href":"https:\/\/api.w.org\/{rel}","templated":true}]}}