{"id":133856,"date":"2021-11-24T11:22:27","date_gmt":"2021-11-24T16:22:27","guid":{"rendered":"https:\/\/linitiative.ca\/International\/le-maroc-obtient-un-nouveau-pret-de-la-bad\/"},"modified":"2021-11-24T11:22:27","modified_gmt":"2021-11-24T16:22:27","slug":"le-maroc-obtient-un-nouveau-pret-de-la-bad","status":"publish","type":"post","link":"https:\/\/linitiative.ca\/International\/le-maroc-obtient-un-nouveau-pret-de-la-bad\/","title":{"rendered":"Le Maroc obtient un nouveau pr\u00eat de la BAD"},"content":{"rendered":"<div>\n<div class=\"field field-name-body field-type-text-with-summary field-label-hidden\">\n<div class=\"field-items\">\n<div class=\"field-item even\" property=\"content:encoded\">\n<p class=\"rtejustify\">Le Conseil d&rsquo;administration du Groupe de la Banque africaine de d\u00e9veloppement (BAD) a approuv\u00e9, mercredi \u00e0 Abidjan, un pr\u00eat de 120 millions d\u2019euros en faveur du Maroc pour mettre en \u0153uvre le Programme d\u2019appui \u00e0 l\u2019inclusion financi\u00e8re, \u00e0 l\u2019entreprenariat et aux TPME. Cette enveloppe permettra d&rsquo;aider les entreprises en difficult\u00e9 \u00e0 relancer leur activit\u00e9 et \u00e0 pr\u00e9server les emplois dans le but de r\u00e9ussir la sortie de crise li\u00e9e au Covid-19, indique l&rsquo;institution.<\/p>\n<\/div>\n<\/div>\n<\/div>\n<\/div>\n<p>Auteur: hgueye<br \/>\n<a href=\"https:\/\/www.leconomiste.com\/flash-infos\/le-maroc-obtient-un-nouveau-pret-de-la-bad\">Cliquez ici pour lire l&rsquo;article depuis sa source.<\/a><\/p>\n","protected":false},"excerpt":{"rendered":"<p>Le Conseil d&rsquo;administration du Groupe de la Banque africaine de d\u00e9veloppement (BAD) a approuv\u00e9, mercredi \u00e0 Abidjan, un pr\u00eat de 120 millions d\u2019euros en faveur du Maroc pour mettre en \u0153uvre le Programme d\u2019appui \u00e0 l\u2019inclusion financi\u00e8re, \u00e0 l\u2019entreprenariat et aux TPME. Cette enveloppe permettra d&rsquo;aider les entreprises en difficult\u00e9 \u00e0 relancer leur activit\u00e9 et [&hellip;]<\/p>\n","protected":false},"author":1763,"featured_media":0,"comment_status":"closed","ping_status":"closed","sticky":false,"template":"","format":"standard","meta":{"fifu_image_url":"","fifu_image_alt":"","footnotes":""},"categories":[78,54],"tags":[],"class_list":["post-133856","post","type-post","status-publish","format-standard","hentry","category-economie","category-maroc"],"_links":{"self":[{"href":"https:\/\/linitiative.ca\/International\/wp-json\/wp\/v2\/posts\/133856","targetHints":{"allow":["GET"]}}],"collection":[{"href":"https:\/\/linitiative.ca\/International\/wp-json\/wp\/v2\/posts"}],"about":[{"href":"https:\/\/linitiative.ca\/International\/wp-json\/wp\/v2\/types\/post"}],"author":[{"embeddable":true,"href":"https:\/\/linitiative.ca\/International\/wp-json\/wp\/v2\/users\/1763"}],"replies":[{"embeddable":true,"href":"https:\/\/linitiative.ca\/International\/wp-json\/wp\/v2\/comments?post=133856"}],"version-history":[{"count":0,"href":"https:\/\/linitiative.ca\/International\/wp-json\/wp\/v2\/posts\/133856\/revisions"}],"wp:attachment":[{"href":"https:\/\/linitiative.ca\/International\/wp-json\/wp\/v2\/media?parent=133856"}],"wp:term":[{"taxonomy":"category","embeddable":true,"href":"https:\/\/linitiative.ca\/International\/wp-json\/wp\/v2\/categories?post=133856"},{"taxonomy":"post_tag","embeddable":true,"href":"https:\/\/linitiative.ca\/International\/wp-json\/wp\/v2\/tags?post=133856"}],"curies":[{"name":"wp","href":"https:\/\/api.w.org\/{rel}","templated":true}]}}