{"id":133889,"date":"2021-11-24T11:30:00","date_gmt":"2021-11-24T16:30:00","guid":{"rendered":"https:\/\/linitiative.ca\/International\/maroc-la-renault-clio-fete-ses-30-ans-de-presence\/"},"modified":"2021-11-24T11:30:00","modified_gmt":"2021-11-24T16:30:00","slug":"maroc-la-renault-clio-fete-ses-30-ans-de-presence","status":"publish","type":"post","link":"https:\/\/linitiative.ca\/International\/maroc-la-renault-clio-fete-ses-30-ans-de-presence\/","title":{"rendered":"Maroc. La Renault Clio f\u00eate ses 30 ans de pr\u00e9sence"},"content":{"rendered":"<div><img decoding=\"async\" width=\"730\" height=\"414\" src=\"https:\/\/linitiative.ca\/International\/wp-content\/uploads\/sites\/23\/2021\/11\/Renault-CLIO5-730-x-414.jpg\" class=\"attachment-post-thumbnail size-post-thumbnail wp-post-image\" alt=\"\" loading=\"lazy\" srcset=\"https:\/\/linitiative.ca\/International\/wp-content\/uploads\/sites\/23\/2021\/11\/Renault-CLIO5-730-x-414.jpg 730w, https:\/\/www.challenge.ma\/wp-content\/uploads\/2021\/11\/Renault-CLIO5-730-x-414-300x170.jpg 300w, https:\/\/www.challenge.ma\/wp-content\/uploads\/2021\/11\/Renault-CLIO5-730-x-414-360x204.jpg 360w\" sizes=\"auto, (max-width: 730px) 100vw, 730px\" itemprop=\"image\">Depuis sa premi\u00e8re apparition en 1990, la Clio est devenue le best-seller de Renault \u00e0 travers le monde avec plus de 15 millions d\u2019exemplaires commercialis\u00e9s. C\u2019est en 1991 que la citadine phare de la marque au losange a fait sa premi\u00e8re apparition dans le Royaume, soit une trentaine d\u2019ann\u00e9es de<\/div>\n<p>Auteur: David J\u00e9r\u00e9mie<br \/>\n<a href=\"https:\/\/www.challenge.ma\/maroc-la-renault-clio-fete-ses-30-ans-de-presence-226857\/\">Cliquez ici pour lire l&rsquo;article depuis sa source.<\/a><\/p>\n","protected":false},"excerpt":{"rendered":"<p>Depuis sa premi\u00e8re apparition en 1990, la Clio est devenue le best-seller de Renault \u00e0 travers le monde avec plus de 15 millions d\u2019exemplaires commercialis\u00e9s. C\u2019est en 1991 que la citadine phare de la marque au losange a fait sa premi\u00e8re apparition dans le Royaume, soit une trentaine d\u2019ann\u00e9es de Auteur: David J\u00e9r\u00e9mie Cliquez ici [&hellip;]<\/p>\n","protected":false},"author":1787,"featured_media":0,"comment_status":"closed","ping_status":"closed","sticky":false,"template":"","format":"standard","meta":{"fifu_image_url":"https:\/\/www.challenge.ma\/wp-content\/uploads\/2021\/11\/Renault-CLIO5-730-x-414.jpg","fifu_image_alt":"Maroc. La Renault Clio f\u00eate ses 30 ans de pr\u00e9sence","footnotes":""},"categories":[78,54],"tags":[],"class_list":["post-133889","post","type-post","status-publish","format-standard","hentry","category-economie","category-maroc"],"_links":{"self":[{"href":"https:\/\/linitiative.ca\/International\/wp-json\/wp\/v2\/posts\/133889","targetHints":{"allow":["GET"]}}],"collection":[{"href":"https:\/\/linitiative.ca\/International\/wp-json\/wp\/v2\/posts"}],"about":[{"href":"https:\/\/linitiative.ca\/International\/wp-json\/wp\/v2\/types\/post"}],"author":[{"embeddable":true,"href":"https:\/\/linitiative.ca\/International\/wp-json\/wp\/v2\/users\/1787"}],"replies":[{"embeddable":true,"href":"https:\/\/linitiative.ca\/International\/wp-json\/wp\/v2\/comments?post=133889"}],"version-history":[{"count":0,"href":"https:\/\/linitiative.ca\/International\/wp-json\/wp\/v2\/posts\/133889\/revisions"}],"wp:attachment":[{"href":"https:\/\/linitiative.ca\/International\/wp-json\/wp\/v2\/media?parent=133889"}],"wp:term":[{"taxonomy":"category","embeddable":true,"href":"https:\/\/linitiative.ca\/International\/wp-json\/wp\/v2\/categories?post=133889"},{"taxonomy":"post_tag","embeddable":true,"href":"https:\/\/linitiative.ca\/International\/wp-json\/wp\/v2\/tags?post=133889"}],"curies":[{"name":"wp","href":"https:\/\/api.w.org\/{rel}","templated":true}]}}