{"id":133891,"date":"2021-11-24T14:04:52","date_gmt":"2021-11-24T19:04:52","guid":{"rendered":"https:\/\/linitiative.ca\/International\/maroc-israel-une-mission-economique-de-la-cgem-a-tel-aviv-du-12-au-15-decembre-prochain\/"},"modified":"2021-11-24T14:04:52","modified_gmt":"2021-11-24T19:04:52","slug":"maroc-israel-une-mission-economique-de-la-cgem-a-tel-aviv-du-12-au-15-decembre-prochain","status":"publish","type":"post","link":"https:\/\/linitiative.ca\/International\/maroc-israel-une-mission-economique-de-la-cgem-a-tel-aviv-du-12-au-15-decembre-prochain\/","title":{"rendered":"Maroc-Isra\u00ebl. Une mission \u00e9conomique de la CGEM \u00e0 Tel-Aviv du 12 au 15 d\u00e9cembre prochain"},"content":{"rendered":"<div><img decoding=\"async\" width=\"746\" height=\"380\" src=\"https:\/\/linitiative.ca\/International\/wp-content\/uploads\/sites\/23\/2021\/11\/Chakib-Alj-CGEM-2.jpg\" class=\"attachment-post-thumbnail size-post-thumbnail wp-post-image\" alt=\"\" loading=\"lazy\" srcset=\"https:\/\/linitiative.ca\/International\/wp-content\/uploads\/sites\/23\/2021\/11\/Chakib-Alj-CGEM-2.jpg 746w, https:\/\/www.challenge.ma\/wp-content\/uploads\/2021\/08\/Chakib-Alj-CGEM-2-300x153.jpg 300w, https:\/\/www.challenge.ma\/wp-content\/uploads\/2021\/08\/Chakib-Alj-CGEM-2-360x183.jpg 360w\" sizes=\"auto, (max-width: 746px) 100vw, 746px\" itemprop=\"image\">La Conf\u00e9d\u00e9ration g\u00e9n\u00e9rale des entreprises du Maroc (CGEM) organise une mission \u00e9conomique \u00e0 Tel-Aviv, du 12 au 15 d\u00e9cembre prochain, en marge de l\u2019ouverture de la nouvelle route a\u00e9rienne reliant Casablanca \u00e0 Tel-Aviv.La d\u00e9l\u00e9gation marocaine, qui sera conduite par le pr\u00e9sident de la CGEM, Chakib Alj, est compos\u00e9e de plus<\/div>\n<p>Auteur: challenge<br \/>\n<a href=\"https:\/\/www.challenge.ma\/maroc-israel-une-mission-economique-de-la-cgem-a-tel-aviv-du-12-au-15-decembre-prochain-226875\/\">Cliquez ici pour lire l&rsquo;article depuis sa source.<\/a><\/p>\n","protected":false},"excerpt":{"rendered":"<p>La Conf\u00e9d\u00e9ration g\u00e9n\u00e9rale des entreprises du Maroc (CGEM) organise une mission \u00e9conomique \u00e0 Tel-Aviv, du 12 au 15 d\u00e9cembre prochain, en marge de l\u2019ouverture de la nouvelle route a\u00e9rienne reliant Casablanca \u00e0 Tel-Aviv.La d\u00e9l\u00e9gation marocaine, qui sera conduite par le pr\u00e9sident de la CGEM, Chakib Alj, est compos\u00e9e de plus Auteur: challenge Cliquez ici pour [&hellip;]<\/p>\n","protected":false},"author":1787,"featured_media":0,"comment_status":"closed","ping_status":"closed","sticky":false,"template":"","format":"standard","meta":{"fifu_image_url":"https:\/\/www.challenge.ma\/wp-content\/uploads\/2021\/08\/Chakib-Alj-CGEM-2.jpg","fifu_image_alt":"Maroc-Isra\u00ebl. Une mission \u00e9conomique de la CGEM \u00e0 Tel-Aviv du 12 au 15 d\u00e9cembre prochain","footnotes":""},"categories":[78,54],"tags":[],"class_list":["post-133891","post","type-post","status-publish","format-standard","hentry","category-economie","category-maroc"],"_links":{"self":[{"href":"https:\/\/linitiative.ca\/International\/wp-json\/wp\/v2\/posts\/133891","targetHints":{"allow":["GET"]}}],"collection":[{"href":"https:\/\/linitiative.ca\/International\/wp-json\/wp\/v2\/posts"}],"about":[{"href":"https:\/\/linitiative.ca\/International\/wp-json\/wp\/v2\/types\/post"}],"author":[{"embeddable":true,"href":"https:\/\/linitiative.ca\/International\/wp-json\/wp\/v2\/users\/1787"}],"replies":[{"embeddable":true,"href":"https:\/\/linitiative.ca\/International\/wp-json\/wp\/v2\/comments?post=133891"}],"version-history":[{"count":0,"href":"https:\/\/linitiative.ca\/International\/wp-json\/wp\/v2\/posts\/133891\/revisions"}],"wp:attachment":[{"href":"https:\/\/linitiative.ca\/International\/wp-json\/wp\/v2\/media?parent=133891"}],"wp:term":[{"taxonomy":"category","embeddable":true,"href":"https:\/\/linitiative.ca\/International\/wp-json\/wp\/v2\/categories?post=133891"},{"taxonomy":"post_tag","embeddable":true,"href":"https:\/\/linitiative.ca\/International\/wp-json\/wp\/v2\/tags?post=133891"}],"curies":[{"name":"wp","href":"https:\/\/api.w.org\/{rel}","templated":true}]}}