{"id":133900,"date":"2021-11-24T16:50:30","date_gmt":"2021-11-24T21:50:30","guid":{"rendered":"https:\/\/linitiative.ca\/International\/conference-annuelle-des-services-du-tresor-il-sagit-de-donner-une-reponse-aux-defis-nouveaux-du-tresor-public-celestin-santere-sanon-dgtcp\/"},"modified":"2021-11-24T16:50:30","modified_gmt":"2021-11-24T21:50:30","slug":"conference-annuelle-des-services-du-tresor-il-sagit-de-donner-une-reponse-aux-defis-nouveaux-du-tresor-public-celestin-santere-sanon-dgtcp","status":"publish","type":"post","link":"https:\/\/linitiative.ca\/International\/conference-annuelle-des-services-du-tresor-il-sagit-de-donner-une-reponse-aux-defis-nouveaux-du-tresor-public-celestin-santere-sanon-dgtcp\/","title":{"rendered":"Conf\u00e9rence annuelle des services du Tr\u00e9sor  : \u00ab\u00a0Il s\u2019agit de donner une r\u00e9ponse aux d\u00e9fis nouveaux du Tr\u00e9sor public\u00a0\u00bb,  C\u00e9lestin Sant\u00e9r\u00e9 Sanon, DGTCP"},"content":{"rendered":"<div>\n<p><strong>Du 26 au 27 novembre 2021, la Direction g\u00e9n\u00e9rale du Tr\u00e9sor et de la Comptabilit\u00e9 publique (DGTCP) organise, sous la pr\u00e9sidence du ministre de l\u2019Economie, des Finances et du D\u00e9veloppement, la 23e \u00e9dition de la Conf\u00e9rence annuelle des services du Tr\u00e9sor (CAST). Cette conf\u00e9rence se tiendra dans la salle de conf\u00e9rence de la DGTCP sise \u00e0 Ouaga 2000. Pour en savoir davantage sur cet \u00e9v\u00e8nement, Sidwaya a \u00e9chang\u00e9 avec le directeur g\u00e9n\u00e9ral du Tr\u00e9sor et de la Comptabilit\u00e9 publique, C\u00e9lestin Sant\u00e9r\u00e9 Sanon, par ailleurs pr\u00e9sident du comit\u00e9 d\u2019organisation. <\/strong><\/p>\n<p><strong>Sidwaya (S)\u00a0: Pouvez-vous en quelques mots nous pr\u00e9senter votre institution\u00a0? <\/strong><\/p>\n<p><strong>C\u00e9lestin Sant\u00e9r\u00e9 Sanon (C.S.S.)<\/strong> : Avant tout propos, je tiens \u00e0 remercier Sidwaya qui me donne ici l\u2019occasion de partager avec l\u2019ensemble de ses lecteurs, quelques informations relatives \u00e0 la Conf\u00e9rence annuelle des services du Tr\u00e9sor (CAST) du Burkina Faso. Pour revenir \u00e0 votre question, on peut retenir que la direction g\u00e9n\u00e9rale du Tr\u00e9sor et de la Comptabilit\u00e9 publique est une structure centrale du minist\u00e8re de l\u2019Economie, des Finances et du D\u00e9veloppement pr\u00e9sente dans les 45 provinces du Burkina Faso. Sa mission est d\u2019assurer une saine gestion des deniers publics, de garantir la tr\u00e9sorerie au titre du budget de l\u2019Etat, des collectivit\u00e9s territoriales ainsi que des \u00e9tablissements publics de l\u2019Etat et de veiller \u00e0 la viabilit\u00e9 du syst\u00e8me financier national.<\/p>\n<p>A ce titre, elle est charg\u00e9e notamment : \u2013 d\u2019\u00e9laborer et d\u2019appliquer la r\u00e9glementation sur la comptabilit\u00e9 publique et les jeux de hasard\u00a0; \u2013 d\u2019ex\u00e9cuter en recettes et en d\u00e9penses le budget de l\u2019Etat, les comptes sp\u00e9ciaux du Tr\u00e9sor, les budgets annexes, les budgets des comptes des services non personnalis\u00e9s de l\u2019Etat, ainsi que les budgets des collectivit\u00e9s territoriales et des EPE\u00a0; \u2013 de mettre en \u0153uvre la strat\u00e9gie de mobilisation des ressources int\u00e9rieures et ext\u00e9rieures\u00a0; \u2013 de centraliser et de g\u00e9rer les ressources de l\u2019Etat, des collectivit\u00e9s territoriales et des autres organismes publics\u00a0; \u2013 de tenir la comptabilit\u00e9 et de produire les comptes de gestion, la balance g\u00e9n\u00e9rale des comptes du Tr\u00e9sor et le Tableau des op\u00e9rations financi\u00e8res de l\u2019Etat (TOFE)\u00a0; \u2013 de centraliser les conventions et accords de financement, de faire des appels de fonds dans le cadre de ces conventions et accords et d\u2019assurer la gestion de la dette publique\u00a0; \u2013 d\u2019assurer la tutelle financi\u00e8re du secteur financier, du secteur des assurances, des EPE, des soci\u00e9t\u00e9s et des entreprises \u00e0 participation de l\u2019Etat et de g\u00e9rer les participations financi\u00e8res de l\u2019Etat\u00a0; \u2013 de suivre les questions relatives \u00e0 l\u2019int\u00e9gration \u00e9conomique et mon\u00e9taire sous r\u00e9gionale, r\u00e9gionale et africaine.<\/p>\n<p><strong>S\u00a0: Du 26 au 27 novembre 2021, votre structure organise la 23e CAST. Parlez-nous de cette conf\u00e9rence et de son objectif. <\/strong><\/p>\n<p><strong>C.S.S.<\/strong>\u00a0: La CAST est un cadre de r\u00e9flexion qui r\u00e9unit des cadres de l\u2019administration du Tr\u00e9sor public et certains de ses partenaires autour d\u2019un th\u00e8me d\u2019int\u00e9r\u00eat pour la bonne marche des services du Tr\u00e9sor public. Il s\u2019agit, chaque ann\u00e9e, de marquer une halte afin de r\u00e9fl\u00e9chir \u00e0 la r\u00e9ponse \u00e0 donner aux d\u00e9fis nouveaux qui se posent au Tr\u00e9sor public. L\u2019objectif vis\u00e9 \u00e0 travers la tenue de cette conf\u00e9rence est donc d\u2019anticiper et de pr\u00e9parer le Tr\u00e9sor public \u00e0 faire face efficacement aux diff\u00e9rentes mutations ou exigences en mati\u00e8re de bonne gestion des deniers publics, de supervision du syst\u00e8me financier afin d\u2019\u00eatre toujours en phase avec les attentes des usagers.<\/p>\n<p><strong>S\u00a0: Quel est le profil des participants \u00e0 la conf\u00e9rence ?<\/strong><\/p>\n<p><strong> C.S.S.<\/strong>\u00a0: La 23e \u00e9dition de la CAST tout comme les pr\u00e9c\u00e9dentes \u00e9ditions connaitra la participation de tous les responsables des structures centrales et d\u00e9concentr\u00e9es de la DGTCP ainsi que d\u2019autres cadres de ces diff\u00e9rentes structures. Outre ces acteurs, la CAST r\u00e9unit \u00e9galement les repr\u00e9sentants des autres structures du minist\u00e8re, des structures partenaires, des anciens du Tr\u00e9sor ainsi que des personnes- ressources. Pour la pr\u00e9sente \u00e9dition, au regard du th\u00e8me qui qui porte sur \u00ab\u00a0La transformation digitale du Tr\u00e9sor public\u00a0: d\u00e9fis et perspectives \u00bb, outre les structures du MINEFID, des structures relevant du Minist\u00e8re de l\u2019Economie num\u00e9rique, des Postes et de la Transformation digitale (MENPTD), telles que la Direction g\u00e9n\u00e9rale des technologies de l\u2019information et de la communication (DGTIC), l\u2019Agence\u00a0nationale de la promotion des technologies de l\u2019information et de la communication (ANPTIC), l\u2019Agence\u00a0nationale de s\u00e9curit\u00e9 des syst\u00e8mes d\u2019information (ANSSI), la Commission de l\u2019informatique et des libert\u00e9s (CIL), les partenaires priv\u00e9s \u00e9voluant dans le domaine des TIC, les PTF, etc. y prendront part.<\/p>\n<p><strong>S\u00a0: Quels sont les acquis engrang\u00e9s dans l\u2019organisation de cette conf\u00e9rence\u00a0? <\/strong><\/p>\n<p><strong>C.S.S.<\/strong>\u00a0: Depuis la premi\u00e8re \u00e9dition en 1997, la Direction g\u00e9n\u00e9rale du Tr\u00e9sor et de la Comptabilit\u00e9 publique (DGTCP) a r\u00e9ussi le pari de tenir la CAST de fa\u00e7on continue. Les vingt-deux \u00e9ditions pass\u00e9es de la CAST ont permis d\u2019aborder plusieurs th\u00e8mes d\u2019int\u00e9r\u00eat se rapportant aux missions assign\u00e9es \u00e0 la DGTCP. La r\u00e9flexion men\u00e9e autour de ces diff\u00e9rents th\u00e8mes a conduit \u00e0 la prise de recommandations et de r\u00e9solutions dont la mise en \u0153uvre sous forme de plan d\u2019actions a contribu\u00e9 \u00e0 am\u00e9liorer les performances de la DGTCP. De fa\u00e7on plus concr\u00e8te, on peut citer en termes d\u2019acquis, une meilleure gestion des deniers de l\u2019Etat, des collectivit\u00e9s territoriales et des \u00e9tablissements publics de l\u2019Etat, une am\u00e9lioration du niveau de mobilisation des ressources publiques, une r\u00e9duction des d\u00e9lais de paiement des d\u00e9penses, une gestion optimis\u00e9e de la tr\u00e9sorerie, etc. Ensuite, on peut noter une am\u00e9lioration dans la tenue de la comptabilit\u00e9 de l\u2019Etat et de ses d\u00e9membrements (collectivit\u00e9s territoriales et \u00e9tablissements publics de l\u2019Etat) et un meilleur rendu des comptes \u00e0 travers la production \u00e0 bonne date des comptes de gestion. Il y a \u00e9galement l\u2019atteinte de meilleurs r\u00e9sultats dans la supervision des structures sous tutelle, les compagnies d\u2019assurances. Enfin, il faut noter l\u2019actualisation des outils de contr\u00f4le interne pour se conformer aux exigences actuelles de transparence dans la gestion des finances publiques.<\/p>\n<p><strong>S\u00a0: Sous quel th\u00e8me est plac\u00e9e cette 23e CAST et qu\u2019est-ce qui a motiv\u00e9 le choix de ce th\u00e8me\u00a0? <\/strong><\/p>\n<p><strong>C.S.S.<\/strong>\u00a0: La conf\u00e9rence de cette ann\u00e9e est plac\u00e9e sous le th\u00e8me\u00a0: \u00ab\u00a0La transformation digitale du Tr\u00e9sor public\u00a0: d\u00e9fis et perspectives \u00bb. Le choix du th\u00e8me tient compte du fait que le d\u00e9veloppement des Technologies de l\u2019information et de la communication (TIC) et l\u2019av\u00e8nement de l\u2019\u00e9conomie num\u00e9rique ont amen\u00e9 des changements consid\u00e9rables dans la soci\u00e9t\u00e9. Gr\u00e2ce aux TIC, on peut communiquer ais\u00e9ment avec ses proches, optimiser ses d\u00e9placements ou avoir acc\u00e8s \u00e0 toutes sortes de services innovants. Elles offrent \u00e9galement des opportunit\u00e9s in\u00e9dites de b\u00e9n\u00e9ficier de services performants de gestion. Ces profonds changements induits par les technologies num\u00e9riques dans les secteurs marchands et sociaux sont \u00e9galement \u00e0 l\u2019\u0153uvre dans le secteur public et c\u2019est une opportunit\u00e9 pour optimiser la fourniture des services publics en r\u00e9duisant leur co\u00fbt de production et de d\u00e9lai. Il convient de rappeler que le Tr\u00e9sor public est l\u2019une des premi\u00e8res structures publiques \u00e0 utiliser les Technologies de l\u2019information et de la communication (TIC) \u00e0 travers la mise en place de plusieurs logiciels dont les plus connus sont la Comptabilit\u00e9 int\u00e9gr\u00e9e de l\u2019Etat (CIE), le Syst\u00e8me de gestion des d\u00e9p\u00f4ts de fonds (SGDF) et le Logiciel des postes comptables \u00e0 l\u2019\u00e9tranger (LPCE) pour ne citer que ceux-l\u00e0. Toutefois, notre administration n\u2019a pas su \u00e0 un moment donn\u00e9 suivre le rythme de l\u2019\u00e9volution rapide dans le domaine. Aussi, le d\u00e9veloppement de ce th\u00e8me donnera donc l\u2019occasion aux acteurs-cl\u00e9s de la transformation digitale de r\u00e9fl\u00e9chir aux opportunit\u00e9s \u00e0 saisir pour renforcer l\u2019efficacit\u00e9 des services du Tr\u00e9sor public afin d\u2019optimiser leur contribution \u00e0 la mobilisation des ressources du budget de l\u2019Etat et dans la gestion de la tr\u00e9sorerie. Pour ce faire, la r\u00e9flexion va se mener autour de la probl\u00e9matique centrale suivante : \u00ab\u00a0Comment le Tr\u00e9sor public, \u00e0 travers sa transformation digitale, peut- elle mieux r\u00e9pondre aux exigences en constante \u00e9volution des usagers et du personnel\u00a0? \u00bb. Ladite probl\u00e9matique sera appr\u00e9hend\u00e9e \u00e0 travers deux sous-th\u00e8mes: \u2013 Sous-th\u00e8me 1\u00a0:\u00a0\u00ab\u00a0Le cadre juridique et institutionnel du Tr\u00e9sor public face aux d\u00e9fis de la digitalisation de ses services\u00a0\u00bb \u2013 Sous-th\u00e8me 2\u00a0: \u00ab\u00a0Le syst\u00e8me d\u2019information du Tr\u00e9sor public face aux d\u00e9fis de la digitalisation de ses services\u00a0\u00bb<\/p>\n<p><strong>S\u00a0: Quelle est la particularit\u00e9 de cette 23e CAST\u00a0?<\/strong><\/p>\n<p><strong> C.S.S.<\/strong>\u00a0: La 23e CAST\u00a0intervient \u00e0 une p\u00e9riode o\u00f9 la DGTCP vient d\u2019adopter son deuxi\u00e8me plan strat\u00e9gique qui s\u2019\u00e9tale sur la p\u00e9riode 2021-2025, avec une nouvelle vision et de nouvelles ambitions. Sur les 5 axes strat\u00e9giques d\u00e9gag\u00e9s, l\u2019informatisation avec ses nouveaux concepts va v\u00e9ritablement contribuer \u00e0 l\u2019atteinte des r\u00e9sultats.<\/p>\n<p><strong>S\u00a0: Quels sont les objectifs assign\u00e9s \u00e0 cette 23e conf\u00e9rence\u00a0? <\/strong><\/p>\n<p><strong>C.S.S.<\/strong>\u00a0: L\u2019objectif principal vis\u00e9 \u00e0 travers l\u2019organisation de la 23e CAST est de faire l\u2019\u00e9tat des lieux de la digitalisation des services du Tr\u00e9sor afin d\u2019en d\u00e9gager des perspectives pour un meilleur rayonnement du Tr\u00e9sor public. Sp\u00e9cifiquement, les participants vont se pencher sur le niveau de maturit\u00e9 num\u00e9rique du Tr\u00e9sor public, \u00e0 savoir l\u2019\u00e9tape \u00e0 laquelle il se situe dans le processus de digitalisation. Le cas \u00e9ch\u00e9ant, ils feront des propositions sur le processus de digitalisation de notre administration tenant compte des nouvelles ambitions du Tr\u00e9sor public.<\/p>\n<p><strong>S\u00a0: Quelles sont vos attentes dans le cadre de l\u2019organisation de cette 23e \u00e9dition de la CAST\u00a0? <\/strong><\/p>\n<p><strong>C.S.S.<\/strong>: Les attentes pour cette 23e \u00e9dition de la CAST se r\u00e9sument en deux points. En premier lieu, c\u2019est de souhaiter que cette \u00e9dition de la CAST soit celle de la maturit\u00e9 o\u00f9 le niveau et la richesse des d\u00e9bats permettent d\u2019aboutir \u00e0 des recommandations fortes qui permettront de d\u00e9gager des perspectives pour non seulement all\u00e9ger les t\u00e2ches des collaborateurs, mais \u00e9galement offrir des services de qualit\u00e9 aux usagers. En second lieu, ce serait que les \u00e9changes puissent se d\u00e9rouler dans un climat convivial et qu\u2019ils puissent permettre \u00e0 tous les participants de s\u2019enrichir mutuellement.<\/p>\n<p><strong>S : Votre dernier mot ? <\/strong><\/p>\n<p><strong>C.S.S.<\/strong> : C\u2019est de dire une fois de plus merci \u00e0 Sidwaya et de lancer un appel \u00e0 l\u2019ensemble des participants de r\u00e9pondre pr\u00e9sents \u00e0 la conf\u00e9rence et surtout de l\u2019enrichir \u00e0 travers des d\u00e9bats francs et constructifs.<\/p>\n<p style=\"text-align: right\"><strong> Honor\u00e9 KIRAKOYA <\/strong><\/p>\n<p>L\u2019article <a rel=\"nofollow\" href=\"https:\/\/www.sidwaya.info\/blog\/2021\/11\/24\/conference-annuelle-des-services-du-tresor-il-sagit-de-donner-une-reponse-aux-defis-nouveaux-du-tresor-public-celestin-santere-sanon-dgtcp\/\">Conf\u00e9rence annuelle des services du Tr\u00e9sor  : \u00ab\u00a0Il s\u2019agit de donner une r\u00e9ponse aux d\u00e9fis nouveaux du Tr\u00e9sor public\u00a0\u00bb,  C\u00e9lestin Sant\u00e9r\u00e9 Sanon, DGTCP<\/a> est apparu en premier sur <a rel=\"nofollow\" href=\"https:\/\/www.sidwaya.info\/\">Quotidien Sidwaya<\/a>.<\/p>\n<\/div>\n<p>Auteur: JK. Sidwaya<br \/>\n<a href=\"https:\/\/www.sidwaya.info\/blog\/2021\/11\/24\/conference-annuelle-des-services-du-tresor-il-sagit-de-donner-une-reponse-aux-defis-nouveaux-du-tresor-public-celestin-santere-sanon-dgtcp\/\">Cliquez ici pour lire l&rsquo;article depuis sa source.<\/a><\/p>\n","protected":false},"excerpt":{"rendered":"<p>Du 26 au 27 novembre 2021, la Direction g\u00e9n\u00e9rale du Tr\u00e9sor et de la Comptabilit\u00e9 publique (DGTCP) organise, sous la pr\u00e9sidence du ministre de l\u2019Economie, des Finances et du D\u00e9veloppement, la 23e \u00e9dition de la Conf\u00e9rence annuelle des services du Tr\u00e9sor (CAST). Cette conf\u00e9rence se tiendra dans la salle de conf\u00e9rence de la DGTCP sise [&hellip;]<\/p>\n","protected":false},"author":1816,"featured_media":0,"comment_status":"closed","ping_status":"closed","sticky":false,"template":"","format":"standard","meta":{"fifu_image_url":"","fifu_image_alt":"","footnotes":""},"categories":[73,81],"tags":[],"class_list":["post-133900","post","type-post","status-publish","format-standard","hentry","category-actualite","category-burkina-faso"],"_links":{"self":[{"href":"https:\/\/linitiative.ca\/International\/wp-json\/wp\/v2\/posts\/133900","targetHints":{"allow":["GET"]}}],"collection":[{"href":"https:\/\/linitiative.ca\/International\/wp-json\/wp\/v2\/posts"}],"about":[{"href":"https:\/\/linitiative.ca\/International\/wp-json\/wp\/v2\/types\/post"}],"author":[{"embeddable":true,"href":"https:\/\/linitiative.ca\/International\/wp-json\/wp\/v2\/users\/1816"}],"replies":[{"embeddable":true,"href":"https:\/\/linitiative.ca\/International\/wp-json\/wp\/v2\/comments?post=133900"}],"version-history":[{"count":0,"href":"https:\/\/linitiative.ca\/International\/wp-json\/wp\/v2\/posts\/133900\/revisions"}],"wp:attachment":[{"href":"https:\/\/linitiative.ca\/International\/wp-json\/wp\/v2\/media?parent=133900"}],"wp:term":[{"taxonomy":"category","embeddable":true,"href":"https:\/\/linitiative.ca\/International\/wp-json\/wp\/v2\/categories?post=133900"},{"taxonomy":"post_tag","embeddable":true,"href":"https:\/\/linitiative.ca\/International\/wp-json\/wp\/v2\/tags?post=133900"}],"curies":[{"name":"wp","href":"https:\/\/api.w.org\/{rel}","templated":true}]}}