{"id":133905,"date":"2021-11-24T14:18:02","date_gmt":"2021-11-24T19:18:02","guid":{"rendered":"https:\/\/linitiative.ca\/International\/senegal-plaidoyer-pour-une-education-aux-medias-des-enfants\/"},"modified":"2021-11-24T14:18:02","modified_gmt":"2021-11-24T19:18:02","slug":"senegal-plaidoyer-pour-une-education-aux-medias-des-enfants","status":"publish","type":"post","link":"https:\/\/linitiative.ca\/International\/senegal-plaidoyer-pour-une-education-aux-medias-des-enfants\/","title":{"rendered":"S\u00e9n\u00e9gal : plaidoyer pour une \u00e9ducation aux m\u00e9dias des enfants"},"content":{"rendered":"<div>\n<p><img loading=\"lazy\" decoding=\"async\" width=\"769\" height=\"436\" src=\"https:\/\/linitiative.ca\/International\/wp-content\/uploads\/sites\/23\/2021\/11\/16377814825668.jpg\" class=\"attachment-post-thumbnail size-post-thumbnail wp-post-image\" alt=\"\" srcset=\"https:\/\/linitiative.ca\/International\/wp-content\/uploads\/sites\/23\/2021\/11\/16377814825668.jpg 769w, https:\/\/www.journalducameroun.com\/wp-content\/uploads\/2021\/11\/16377814825668-300x170.jpg 300w, https:\/\/www.journalducameroun.com\/wp-content\/uploads\/2021\/11\/16377814825668-768x435.jpg 768w, https:\/\/www.journalducameroun.com\/wp-content\/uploads\/2021\/11\/16377814825668-380x215.jpg 380w, https:\/\/www.journalducameroun.com\/wp-content\/uploads\/2021\/11\/16377814825668-160x90.jpg 160w, https:\/\/www.journalducameroun.com\/wp-content\/uploads\/2021\/11\/16377814825668-240x135.jpg 240w, https:\/\/www.journalducameroun.com\/wp-content\/uploads\/2021\/11\/16377814825668-600x340.jpg 600w\" sizes=\"auto, (max-width: 769px) 100vw, 769px\"><\/p>\n<p>Face \u00e0 la surcharge informationnelle cons\u00e9cutive \u00e0 l&rsquo;utilisation intense des moyens de communication digitaux, des programmes de formation et d&rsquo;\u00e9ducation aux m\u00e9dias pour les jeunes s&rsquo;imposent, selon l&rsquo;expert en droit des m\u00e9dias, Bouna Manel Fall.Les enfants sont devenus une cible privil\u00e9gi\u00e9e des cybercriminels. Par na\u00efvet\u00e9 ou ignorance, ils sont nombreux \u00e0 tomber dans les pi\u00e8ges tendus par les pirates informatiques. Face \u00e0 ce fl\u00e9au qui conduit parfois au drame, l&rsquo;expert en droit des m\u00e9dias, Bouna Manel Fall, plaide pour une \u00e9ducation aux m\u00e9dias.<\/p>\n<p>\u00ab Si les enfants re\u00e7oivent de l&rsquo;information, car ils en ont le droit, et s&rsquo;ils ont le droit de la produire, alors il faut leur expliquer quels sont les m\u00e9canismes de production, de collecte, de traitement et de diffusion de l&rsquo;information \u00bb, a-t-il d\u00e9clar\u00e9.<\/p>\n<p>S&rsquo;exprimant mercredi \u00e0 l&rsquo;occasion d&rsquo;un forum d\u00e9di\u00e9 \u00e0 ce sujet, M. Fall a indiqu\u00e9 que cette \u00e9ducation aux m\u00e9dias ne peut passer que par un programme qui devra aller vers l&rsquo;\u00e9cole au niveau le plus bas pour accompagner l&rsquo;enfant dans son parcours acad\u00e9mique.<\/p>\n<p>Cela est d&rsquo;autant plus important \u00ab que les enfants viennent \u00e0 l&rsquo;\u00e9cole avec des outils m\u00e9diatiques extr\u00eamement puissants et dont m\u00eame leurs parents ignorent l&rsquo;usage. \u00bb<\/p>\n<p>Partant de ce constat, il a invit\u00e9 les professionnels de l&rsquo;\u00e9ducation en relation avec les professionnels de l&rsquo;information \u00e0 mettre en place des programmes de formation et d&rsquo;\u00e9ducation aux m\u00e9dias. \u00ab C&rsquo;est devenu une exigence dans ce pays \u00bb, a-t-il martel\u00e9.<\/p>\n<p>Les modules \u00e0 enseigner devront permettre aux enfants de jouer un r\u00f4le central dans la production de l&rsquo;information pour qu&rsquo;in fine ils puissent se prot\u00e9ger contre toute tentative d&rsquo;abus ou de chantage, a-t-il pr\u00e9cis\u00e9.<\/p>\n<p>Cet article <a rel=\"nofollow\" href=\"https:\/\/www.journalducameroun.com\/senegal-plaidoyer-pour-une-education-aux-medias-des-enfants\/\">S\u00e9n\u00e9gal : plaidoyer pour une \u00e9ducation aux m\u00e9dias des enfants<\/a> est apparu en premier sur <a rel=\"nofollow\" href=\"https:\/\/www.journalducameroun.com\/\">Journal du Cameroun<\/a>.<\/p>\n<\/div>\n<p>Auteur: APA News<br \/>\n<a href=\"https:\/\/www.journalducameroun.com\/senegal-plaidoyer-pour-une-education-aux-medias-des-enfants\/\">Cliquez ici pour lire l&rsquo;article depuis sa source.<\/a><\/p>\n","protected":false},"excerpt":{"rendered":"<p>Face \u00e0 la surcharge informationnelle cons\u00e9cutive \u00e0 l&rsquo;utilisation intense des moyens de communication digitaux, des programmes de formation et d&rsquo;\u00e9ducation aux m\u00e9dias pour les jeunes s&rsquo;imposent, selon l&rsquo;expert en droit des m\u00e9dias, Bouna Manel Fall.Les enfants sont devenus une cible privil\u00e9gi\u00e9e des cybercriminels. Par na\u00efvet\u00e9 ou ignorance, ils sont nombreux \u00e0 tomber dans les pi\u00e8ges [&hellip;]<\/p>\n","protected":false},"author":1965,"featured_media":0,"comment_status":"closed","ping_status":"closed","sticky":false,"template":"","format":"standard","meta":{"fifu_image_url":"https:\/\/www.journalducameroun.com\/wp-content\/uploads\/2021\/11\/16377814825668.jpg","fifu_image_alt":"S\u00e9n\u00e9gal : plaidoyer pour une \u00e9ducation aux m\u00e9dias des enfants","footnotes":""},"categories":[73,82],"tags":[],"class_list":["post-133905","post","type-post","status-publish","format-standard","hentry","category-actualite","category-cameroun"],"_links":{"self":[{"href":"https:\/\/linitiative.ca\/International\/wp-json\/wp\/v2\/posts\/133905","targetHints":{"allow":["GET"]}}],"collection":[{"href":"https:\/\/linitiative.ca\/International\/wp-json\/wp\/v2\/posts"}],"about":[{"href":"https:\/\/linitiative.ca\/International\/wp-json\/wp\/v2\/types\/post"}],"author":[{"embeddable":true,"href":"https:\/\/linitiative.ca\/International\/wp-json\/wp\/v2\/users\/1965"}],"replies":[{"embeddable":true,"href":"https:\/\/linitiative.ca\/International\/wp-json\/wp\/v2\/comments?post=133905"}],"version-history":[{"count":0,"href":"https:\/\/linitiative.ca\/International\/wp-json\/wp\/v2\/posts\/133905\/revisions"}],"wp:attachment":[{"href":"https:\/\/linitiative.ca\/International\/wp-json\/wp\/v2\/media?parent=133905"}],"wp:term":[{"taxonomy":"category","embeddable":true,"href":"https:\/\/linitiative.ca\/International\/wp-json\/wp\/v2\/categories?post=133905"},{"taxonomy":"post_tag","embeddable":true,"href":"https:\/\/linitiative.ca\/International\/wp-json\/wp\/v2\/tags?post=133905"}],"curies":[{"name":"wp","href":"https:\/\/api.w.org\/{rel}","templated":true}]}}